{"id":18219,"date":"2014-03-20T12:52:46","date_gmt":"2014-03-20T10:52:46","guid":{"rendered":"http:\/\/revistacultura.ro\/nou\/?p=18219"},"modified":"2014-03-20T12:52:46","modified_gmt":"2014-03-20T10:52:46","slug":"expozitie-alma-redlinger","status":"publish","type":"post","link":"https:\/\/revistacultura.ro\/agenda\/2014\/03\/expozitie-alma-redlinger\/","title":{"rendered":"Expozi\u0163ie Alma Redlinger"},"content":{"rendered":"<p>Dup\u0103 ce ai v\u0103zut expozi\u0163ia Almei Redlinger de la \u201eC\u0103minul Artei\u201d (parter\/etaj), te \u00eencearc\u0103 o stare de bine pe care o mai por\u0163i o vreme prin centrul Bucure\u0103tiului \u00een anotimp incert. \u00cent\u00e2lnirea cu artista nonagenar\u0103, care se afl\u0103 zilnic \u00een atelier, \u015fi cu noile ei lucr\u0103ri, din 2011 \u00eencoace (\u00eentre ele, un plin de for\u0163\u0103 ,,Autoportret\u201d \u2013 \u00een vedere \u2013 datat 2014) e tonic\u0103, la nivelul certitudinilor artei \u015fi \u00eenc\u0103 surprinz\u0103toare ca demers vizual pentru cei \u0103aptezeci de ani de carier\u0103. \u201eCultura\u201d mul\u0163ume\u0103te Almei Redlinger pentru faptul c\u0103 un num\u0103r al revistei, bine pus \u00een valoare, figureaz\u0103 \u00eentr-o lucrare din seria naturilor statice \u2013 interioare.<br \/>\nExpozi\u0163ia este deschis\u0103 p\u00e2n\u0103 mar\u0163i, 25 martie a.c..<\/p>\n","protected":false},"excerpt":{"rendered":"<p>Dup\u0103 ce ai v\u0103zut expozi\u0163ia Almei Redlinger de la \u201eC\u0103minul Artei\u201d (parter\/etaj), te \u00eencearc\u0103 o stare de bine pe care o mai por\u0163i o vreme prin centrul Bucure\u0103tiului \u00een anotimp incert. \u00cent\u00e2lnirea cu artista nonagenar\u0103, care se afl\u0103 zilnic \u00een atelier, \u015fi cu noile ei lucr\u0103ri, din 2011 \u00eencoace (\u00eentre ele, un plin de for\u0163\u0103&hellip;&nbsp;<a href=\"https:\/\/revistacultura.ro\/agenda\/2014\/03\/expozitie-alma-redlinger\/\" rel=\"bookmark\">Cite\u0219te mai mult &raquo;<span class=\"screen-reader-text\">Expozi\u0163ie Alma Redlinger<\/span><\/a><\/p>\n","protected":false},"author":2,"featured_media":0,"comment_status":"open","ping_status":"open","sticky":false,"template":"","format":"standard","meta":{"neve_meta_sidebar":"","neve_meta_container":"","neve_meta_enable_content_width":"","neve_meta_content_width":0,"neve_meta_title_alignment":"","neve_meta_author_avatar":"","neve_post_elements_order":"","neve_meta_disable_header":"","neve_meta_disable_footer":"","neve_meta_disable_title":"","_jetpack_newsletter_access":"","_jetpack_dont_email_post_to_subs":false,"_jetpack_newsletter_tier_id":0,"_jetpack_memberships_contains_paywalled_content":false,"_jetpack_feature_clip_id":0,"_jetpack_memberships_contains_paid_content":false,"footnotes":"","jetpack_publicize_message":"","jetpack_publicize_feature_enabled":true,"jetpack_social_post_already_shared":true,"jetpack_social_options":{"image_generator_settings":{"template":"highway","default_image_id":0,"font":"","enabled":false},"version":2},"jetpack_post_was_ever_published":false},"categories":[22],"tags":[53,54],"class_list":["post-18219","post","type-post","status-publish","format-standard","hentry","category-recomandarile-cultura","tag-expozitie-almei-redlinger","tag-galeria-caminul-artei"],"jetpack_publicize_connections":[],"jetpack_sharing_enabled":true,"jetpack-related-posts":[{"id":22055,"url":"https:\/\/revistacultura.ro\/agenda\/2026\/06\/20-de-opere-tonitza-la-pavilionul-muzeal-de-la-vila-catena\/","url_meta":{"origin":18219,"position":0},"title":"20 de opere Tonitza la Pavilionul Muzeal de la Vila Catena","author":"Cultura","date":"11 iunie 2026","format":false,"excerpt":"\u00cencep\u00e2nd cu 11 iunie Locatie: Vila Catena, str. Radu Calomfirescu 15, Bucure\u0219ti Program de vizitare: Joi - Vineri: 15:00 - 19:00S\u00e2mb\u0103t\u0103: 12:00 - 16:00 \u00cencep\u00e2nd cu 11 iunie 2026, de la ora 15:00, Vila Catena din Bucure\u0219ti deschide por\u021bile unei noi expozi\u021bii dedicate unuia dintre cei mai mari mae\u0219tri ai\u2026","rel":"","context":"\u00cen \u201eAgenda culturala\u201d","block_context":{"text":"Agenda culturala","link":"https:\/\/revistacultura.ro\/agenda\/category\/agenda-cultura\/"},"img":{"alt_text":"","src":"https:\/\/i0.wp.com\/revistacultura.ro\/agenda\/wp-content\/uploads\/2026\/06\/AFIS-expozitie-NICOLAE-TONITZA.-Dincolo-de-privire.webp?resize=350%2C200&ssl=1","width":350,"height":200,"srcset":"https:\/\/i0.wp.com\/revistacultura.ro\/agenda\/wp-content\/uploads\/2026\/06\/AFIS-expozitie-NICOLAE-TONITZA.-Dincolo-de-privire.webp?resize=350%2C200&ssl=1 1x, https:\/\/i0.wp.com\/revistacultura.ro\/agenda\/wp-content\/uploads\/2026\/06\/AFIS-expozitie-NICOLAE-TONITZA.-Dincolo-de-privire.webp?resize=525%2C300&ssl=1 1.5x, https:\/\/i0.wp.com\/revistacultura.ro\/agenda\/wp-content\/uploads\/2026\/06\/AFIS-expozitie-NICOLAE-TONITZA.-Dincolo-de-privire.webp?resize=700%2C400&ssl=1 2x"},"classes":[]},{"id":21585,"url":"https:\/\/revistacultura.ro\/agenda\/2025\/12\/sezonul-de-iarna-2025-2026-la-mnac\/","url_meta":{"origin":18219,"position":1},"title":"Sezonul de iarn\u0103 (2025-2026) la MNAC","author":"Cultura","date":"11 decembrie 2025","format":false,"excerpt":"Muzeul Na\u021bional de Art\u0103 Contemporan\u0103 din Bucure\u0219ti, una dintre cele mai importante institu\u021bii dedicate artei recente din Rom\u00e2nia, anun\u021b\u0103 Sezonul Expozi\u021bional de Iarn\u0103 2025, care va r\u0103m\u00e2ne accesibil publicului pe tot parcursul lunilor reci \u0219i \u00eenceputul prim\u0103verii anului viitor. Programul reune\u0219te cinci proiecte expozi\u021bionale distincte, care acoper\u0103 at\u00e2t recuper\u0103ri spectaculoase\u2026","rel":"","context":"\u00cen \u201eRecomand\u0103ri\u201d","block_context":{"text":"Recomand\u0103ri","link":"https:\/\/revistacultura.ro\/agenda\/category\/recomandarile-cultura\/"},"img":{"alt_text":"","src":"https:\/\/i0.wp.com\/revistacultura.ro\/agenda\/wp-content\/uploads\/2025\/12\/1_Rasucirea_Triumful-provinciei-amurgul-imperiilor.webp?resize=350%2C200&ssl=1","width":350,"height":200,"srcset":"https:\/\/i0.wp.com\/revistacultura.ro\/agenda\/wp-content\/uploads\/2025\/12\/1_Rasucirea_Triumful-provinciei-amurgul-imperiilor.webp?resize=350%2C200&ssl=1 1x, https:\/\/i0.wp.com\/revistacultura.ro\/agenda\/wp-content\/uploads\/2025\/12\/1_Rasucirea_Triumful-provinciei-amurgul-imperiilor.webp?resize=525%2C300&ssl=1 1.5x, https:\/\/i0.wp.com\/revistacultura.ro\/agenda\/wp-content\/uploads\/2025\/12\/1_Rasucirea_Triumful-provinciei-amurgul-imperiilor.webp?resize=700%2C400&ssl=1 2x"},"classes":[]},{"id":22178,"url":"https:\/\/revistacultura.ro\/agenda\/2026\/08\/draft-cea-mai-de-succes-expozitie-din-acest-an-se-apropie-de-final\/","url_meta":{"origin":18219,"position":2},"title":"DRAFT \u2013 cea mai de succes expozi\u021bie din acest an \u2013 se apropie de final","author":"Cultura","date":"26 august 2026","format":false,"excerpt":"Dup\u0103 ce a fost prelungit\u0103 \u00een mai multe r\u00e2nduri, expozi\u021bia retrospectiv\u0103 dedicat\u0103 arti\u0219tilor Lia \u0219i Dan Perjovschi la ARCUB se va \u00eenchide la 30 august. Deschis\u0103 la Hanul Gabroveni \u00eencep\u00e2nd cu 3 aprilie, expozi\u021bia reune\u0219te sute de lucr\u0103ri, arhive personale \u0219i interven\u021bii site-specific, oferind o cartografiere a patru decenii de\u2026","rel":"","context":"\u00cen \u201eAgenda culturala\u201d","block_context":{"text":"Agenda culturala","link":"https:\/\/revistacultura.ro\/agenda\/category\/agenda-cultura\/"},"img":{"alt_text":"","src":"https:\/\/i0.wp.com\/revistacultura.ro\/agenda\/wp-content\/uploads\/2014\/07\/Perjovschi.jpg?resize=350%2C200&ssl=1","width":350,"height":200,"srcset":"https:\/\/i0.wp.com\/revistacultura.ro\/agenda\/wp-content\/uploads\/2014\/07\/Perjovschi.jpg?resize=350%2C200&ssl=1 1x, https:\/\/i0.wp.com\/revistacultura.ro\/agenda\/wp-content\/uploads\/2014\/07\/Perjovschi.jpg?resize=525%2C300&ssl=1 1.5x"},"classes":[]},{"id":22020,"url":"https:\/\/revistacultura.ro\/agenda\/2026\/06\/incepe-mobu-targul-international-de-arta-contemporana\/","url_meta":{"origin":18219,"position":3},"title":"\u00cencepe MoBU &#8211; T\u00e2rgul Interna\u021bional de Art\u0103 Contemporan\u0103","author":"Cultura","date":"2 iunie 2026","format":false,"excerpt":"3-7 iunie 2026 Pavilionul Central Romexpo, Bd. M\u0103r\u0103\u0219ti nr. 65-67, sector 1, Bucure\u0219ti MoBU 2026, T\u00e2rgul Interna\u021bional de Art\u0103 Contemporan\u0103 din Bucure\u0219ti, este unul dintre cele mai importante evenimente dedicate artei contemporane din Europa Central\u0103 \u0219i de Est. Ajuns la cea de-a patra edi\u021bie, MoBU reune\u0219te anul acesta peste 50\u2026","rel":"","context":"\u00cen \u201eProiecte sus\u021binute de revista CULTURA\u201d","block_context":{"text":"Proiecte sus\u021binute de revista CULTURA","link":"https:\/\/revistacultura.ro\/agenda\/category\/parteneriate\/"},"img":{"alt_text":"","src":"https:\/\/i0.wp.com\/revistacultura.ro\/agenda\/wp-content\/uploads\/2026\/06\/MOBU.webp?resize=350%2C200&ssl=1","width":350,"height":200,"srcset":"https:\/\/i0.wp.com\/revistacultura.ro\/agenda\/wp-content\/uploads\/2026\/06\/MOBU.webp?resize=350%2C200&ssl=1 1x, https:\/\/i0.wp.com\/revistacultura.ro\/agenda\/wp-content\/uploads\/2026\/06\/MOBU.webp?resize=525%2C300&ssl=1 1.5x, https:\/\/i0.wp.com\/revistacultura.ro\/agenda\/wp-content\/uploads\/2026\/06\/MOBU.webp?resize=700%2C400&ssl=1 2x"},"classes":[]},{"id":21616,"url":"https:\/\/revistacultura.ro\/agenda\/2026\/01\/expozitie-de-ceramica-moderna-la-palatul-sutu\/","url_meta":{"origin":18219,"position":4},"title":"Expozi\u021bie de ceramic\u0103 modern\u0103 la Palatul Su\u021bu","author":"Cultura","date":"12 ianuarie 2026","format":false,"excerpt":"23 ianuarie - 7 iunie 2026 Muzeul Municipiului Bucure\u0219ti v\u0103 invit\u0103 la vernisajul expozi\u021biei Ceramic\u0103 rom\u00e2neasc\u0103 modern\u0103 din colec\u021bia Muzeului Dr. Nicolae Minovici, care va avea loc vineri, 23 ianuarie, ora 17:00, la Palatul Su\u021bu. Accesul la vernisaj este gratuit. Expozi\u021bia reune\u0219te o selec\u021bie reprezentativ\u0103 de piese ceramice realizate \u00een\u2026","rel":"","context":"\u00cen \u201ecomunicate\u201d","block_context":{"text":"comunicate","link":"https:\/\/revistacultura.ro\/agenda\/category\/comunicate\/"},"img":{"alt_text":"","src":"https:\/\/i0.wp.com\/revistacultura.ro\/agenda\/wp-content\/uploads\/2026\/01\/expo-ceramica-muzeu-bucuresti.webp?resize=350%2C200&ssl=1","width":350,"height":200,"srcset":"https:\/\/i0.wp.com\/revistacultura.ro\/agenda\/wp-content\/uploads\/2026\/01\/expo-ceramica-muzeu-bucuresti.webp?resize=350%2C200&ssl=1 1x, https:\/\/i0.wp.com\/revistacultura.ro\/agenda\/wp-content\/uploads\/2026\/01\/expo-ceramica-muzeu-bucuresti.webp?resize=525%2C300&ssl=1 1.5x, https:\/\/i0.wp.com\/revistacultura.ro\/agenda\/wp-content\/uploads\/2026\/01\/expo-ceramica-muzeu-bucuresti.webp?resize=700%2C400&ssl=1 2x"},"classes":[]},{"id":20183,"url":"https:\/\/revistacultura.ro\/agenda\/2019\/09\/subreal-la-timisoara-intr-o-expozitie-retrospectiva\/","url_meta":{"origin":18219,"position":5},"title":"subREAL la Timi\u0219oara \u00eentr-o expozi\u021bie retrospectiv\u0103","author":"Cultura","date":"14 septembrie 2019","format":false,"excerpt":"https:\/\/www.youtube.com\/watch?v=MJokxY_y2GU&feature=youtu.be \u00centre 18 septembrie \u2013 25 octombrie 2019, Galeria Jecza din Timi\u0219oara a programat expozi\u021bia retrospectiv\u0103 subREAL \u2013 Serving Art Again, curator fiind Ami Barak. Grupul subREAL, compus din C\u0103lin Dan & Iosif Kiraly, a fost mai pu\u021bin prezent \u00een expozi\u021bii \u00een ultimii ani, dar includerea lucr\u0103rilor acestui grup \u00een\u2026","rel":"","context":"\u00cen \u201eRecomand\u0103ri\u201d","block_context":{"text":"Recomand\u0103ri","link":"https:\/\/revistacultura.ro\/agenda\/category\/recomandarile-cultura\/"},"img":{"alt_text":"","src":"https:\/\/i0.wp.com\/revistacultura.ro\/agenda\/wp-content\/uploads\/2019\/09\/subreal-foto.jpg?resize=350%2C200&ssl=1","width":350,"height":200,"srcset":"https:\/\/i0.wp.com\/revistacultura.ro\/agenda\/wp-content\/uploads\/2019\/09\/subreal-foto.jpg?resize=350%2C200&ssl=1 1x, https:\/\/i0.wp.com\/revistacultura.ro\/agenda\/wp-content\/uploads\/2019\/09\/subreal-foto.jpg?resize=525%2C300&ssl=1 1.5x"},"classes":[]}],"jetpack_featured_media_url":"","_links":{"self":[{"href":"https:\/\/revistacultura.ro\/agenda\/wp-json\/wp\/v2\/posts\/18219","targetHints":{"allow":["GET"]}}],"collection":[{"href":"https:\/\/revistacultura.ro\/agenda\/wp-json\/wp\/v2\/posts"}],"about":[{"href":"https:\/\/revistacultura.ro\/agenda\/wp-json\/wp\/v2\/types\/post"}],"author":[{"embeddable":true,"href":"https:\/\/revistacultura.ro\/agenda\/wp-json\/wp\/v2\/users\/2"}],"replies":[{"embeddable":true,"href":"https:\/\/revistacultura.ro\/agenda\/wp-json\/wp\/v2\/comments?post=18219"}],"version-history":[{"count":0,"href":"https:\/\/revistacultura.ro\/agenda\/wp-json\/wp\/v2\/posts\/18219\/revisions"}],"wp:attachment":[{"href":"https:\/\/revistacultura.ro\/agenda\/wp-json\/wp\/v2\/media?parent=18219"}],"wp:term":[{"taxonomy":"category","embeddable":true,"href":"https:\/\/revistacultura.ro\/agenda\/wp-json\/wp\/v2\/categories?post=18219"},{"taxonomy":"post_tag","embeddable":true,"href":"https:\/\/revistacultura.ro\/agenda\/wp-json\/wp\/v2\/tags?post=18219"}],"curies":[{"name":"wp","href":"https:\/\/api.w.org\/{rel}","templated":true}]}}