{"id":18215,"date":"2014-03-20T12:48:27","date_gmt":"2014-03-20T10:48:27","guid":{"rendered":"http:\/\/revistacultura.ro\/nou\/?p=18215"},"modified":"2014-03-20T12:48:27","modified_gmt":"2014-03-20T10:48:27","slug":"future-timeline-o-privire-curajoasa-spre-viitor","status":"publish","type":"post","link":"https:\/\/revistacultura.ro\/agenda\/2014\/03\/future-timeline-o-privire-curajoasa-spre-viitor\/","title":{"rendered":"Future Timeline: o privire curajoas\u0103 spre viitor"},"content":{"rendered":"<p>Nu m\u0103 mai satur s\u0103 r\u0103sfoiesc Future Timeline (la adresa www.futuretimeline.net) \u2013 un site care prezint\u0103, pe baze \u0103tiin\u0163ifice, scenarii posibile pentru viitor. Sf\u00e2r\u0103itul anului 2014: For\u0163ele NATO se retrag din Afganistan; anul 2050: clima planetei a luat-o razna, \u00een timp ce noua lume post-capitalist\u0103 \u00eencepe s\u0103 prind\u0103 contur; secolul 22: oamenii \u015fi fiin\u0163ele trans-umane devin dou\u0103 specii distincte, iar colonizarea spa\u0163iului ia startul, la modul serios; anul 2300: umanitatea post-biologic\u0103 \u00eencepe s\u0103 se r\u0103sp\u00e2ndeasc\u0103 \u00een Galaxie; anul 3100: AI-urile construiesc, \u00een jurul soarelui, o Sfer\u0103 Dyson; anul 10000&#8230; v\u0103 las s\u0103 descoperi\u0163i! Arunca\u0163i un ochi \u015fi asupra predic\u0163iilor \u2013 numeroase \u015fi detaliat prezentate \u2013 din viitorul apropiat.<\/p>\n","protected":false},"excerpt":{"rendered":"<p>Nu m\u0103 mai satur s\u0103 r\u0103sfoiesc Future Timeline (la adresa www.futuretimeline.net) \u2013 un site care prezint\u0103, pe baze \u0103tiin\u0163ifice, scenarii posibile pentru viitor. Sf\u00e2r\u0103itul anului 2014: For\u0163ele NATO se retrag din Afganistan; anul 2050: clima planetei a luat-o razna, \u00een timp ce noua lume post-capitalist\u0103 \u00eencepe s\u0103 prind\u0103 contur; secolul 22: oamenii \u015fi fiin\u0163ele trans-umane&hellip;&nbsp;<a href=\"https:\/\/revistacultura.ro\/agenda\/2014\/03\/future-timeline-o-privire-curajoasa-spre-viitor\/\" rel=\"bookmark\">Cite\u0219te mai mult &raquo;<span class=\"screen-reader-text\">Future Timeline: o privire curajoas\u0103 spre viitor<\/span><\/a><\/p>\n","protected":false},"author":2,"featured_media":0,"comment_status":"open","ping_status":"open","sticky":false,"template":"","format":"standard","meta":{"neve_meta_sidebar":"","neve_meta_container":"","neve_meta_enable_content_width":"","neve_meta_content_width":0,"neve_meta_title_alignment":"","neve_meta_author_avatar":"","neve_post_elements_order":"","neve_meta_disable_header":"","neve_meta_disable_footer":"","neve_meta_disable_title":"","_jetpack_newsletter_access":"","_jetpack_dont_email_post_to_subs":false,"_jetpack_newsletter_tier_id":0,"_jetpack_memberships_contains_paywalled_content":false,"_jetpack_feature_clip_id":0,"_jetpack_memberships_contains_paid_content":false,"footnotes":"","jetpack_publicize_message":"","jetpack_publicize_feature_enabled":true,"jetpack_social_post_already_shared":true,"jetpack_social_options":{"image_generator_settings":{"template":"highway","default_image_id":0,"font":"","enabled":false},"version":2},"jetpack_post_was_ever_published":false},"categories":[22],"tags":[50,51],"class_list":["post-18215","post","type-post","status-publish","format-standard","hentry","category-recomandarile-cultura","tag-publicatia-future-timeline","tag-scenarii-posibile-pentru-viitor"],"jetpack_publicize_connections":[],"jetpack_sharing_enabled":true,"jetpack-related-posts":[{"id":20846,"url":"https:\/\/revistacultura.ro\/agenda\/2022\/07\/sala-2-tntm-un-proiect-pentru-spectatorul-de-teatru-din-secolul-xxi\/","url_meta":{"origin":18215,"position":0},"title":"Sala 2 TNTm &#8211; un proiect pentru spectatorul de teatru din secolul XXI","author":"Cultura","date":"4 iulie 2022","format":false,"excerpt":"Teatrul Na\u021bional din Timi\u0219oara deschide drumuri. Face parte din istoria lui, din destinul lui. A\u0219a cum Rom\u00e2nia modern\u0103 va trebui s\u0103 \u00ee\u0219i asume momentul \u00een care actorii Na\u021bionalului au oprit spectacolul de pe scen\u0103 \u0219i le-au deschis revolu\u021bionarilor str\u00e2n\u0219i \u00een Pia\u021ba Victoriei, \u00een 16 decembrie 1989, por\u021bile Teatrului \u00een numele\u2026","rel":"","context":"\u00cen \u201ecomunicate\u201d","block_context":{"text":"comunicate","link":"https:\/\/revistacultura.ro\/agenda\/category\/comunicate\/"},"img":{"alt_text":"","src":"https:\/\/i0.wp.com\/revistacultura.ro\/agenda\/wp-content\/uploads\/2022\/07\/sala2tntm.jpg?resize=350%2C200&ssl=1","width":350,"height":200,"srcset":"https:\/\/i0.wp.com\/revistacultura.ro\/agenda\/wp-content\/uploads\/2022\/07\/sala2tntm.jpg?resize=350%2C200&ssl=1 1x, https:\/\/i0.wp.com\/revistacultura.ro\/agenda\/wp-content\/uploads\/2022\/07\/sala2tntm.jpg?resize=525%2C300&ssl=1 1.5x, https:\/\/i0.wp.com\/revistacultura.ro\/agenda\/wp-content\/uploads\/2022\/07\/sala2tntm.jpg?resize=700%2C400&ssl=1 2x"},"classes":[]},{"id":19516,"url":"https:\/\/revistacultura.ro\/agenda\/2014\/11\/capitala-cimitirelor\/","url_meta":{"origin":18215,"position":1},"title":"Capitala cimitirelor","author":"Revista","date":"13 noiembrie 2014","format":false,"excerpt":"\u00a0 \u00a0 Reprezentan\u0163i ai Administra\u0163iei Cimitirelor \u015fi Crematoriilor Umane din Bucure\u015fti au participat la \u00eenceputul lunii la \u00eent\u00e2lnirea anual\u00e3 de la Barcelona a Asocia\u0163iei Cimitirelor Semnificative din Europa (ASCE), unde sunt reprezentate 179 de l\u00e3ca\u015fe din 22 de \u0163\u00e3ri. Cimitirul Bellu \u2013 printre acestea. Cu aceast\u00e3 ocazie, informeaz\u00e3 Prim\u00e3ria Capitalei,\u2026","rel":"","context":"\u00cen \u201eAgenda culturala\u201d","block_context":{"text":"Agenda culturala","link":"https:\/\/revistacultura.ro\/agenda\/category\/agenda-cultura\/"},"img":{"alt_text":"","src":"","width":0,"height":0},"classes":[]},{"id":20843,"url":"https:\/\/revistacultura.ro\/agenda\/2022\/07\/tineri-regizori-invitati-sa-monteze-la-teatre-importante-din-toata-tara\/","url_meta":{"origin":18215,"position":2},"title":"Tineri regizori, invita\u021bi s\u0103 monteze la teatre importante din toat\u0103 \u021bara","author":"Cultura","date":"11 iulie 2022","format":false,"excerpt":"edi\u021bia a IV-a a Festivalului Tinerilor Regizori - \u00centre 5 \u0219i 9 iulie 2022, Teatrul Na\u021bional \u201eMarin Sorescu\u201d din Craiova a fost gazda celei de-a IV-a edi\u021bii a Festivalului Tinerilor Regizori Theater Networking Talents (TNT), un eveniment teatral coordonat de regizorul Bobi Pricop, dedicat arti\u0219tilor afla\u021bi la debut. Edi\u021bia din\u2026","rel":"","context":"\u00cen \u201ecomunicate\u201d","block_context":{"text":"comunicate","link":"https:\/\/revistacultura.ro\/agenda\/category\/comunicate\/"},"img":{"alt_text":"","src":"https:\/\/i0.wp.com\/revistacultura.ro\/agenda\/wp-content\/uploads\/2022\/07\/Cum-va-place_fotoAlbert-Dobrin.jpg?resize=350%2C200&ssl=1","width":350,"height":200,"srcset":"https:\/\/i0.wp.com\/revistacultura.ro\/agenda\/wp-content\/uploads\/2022\/07\/Cum-va-place_fotoAlbert-Dobrin.jpg?resize=350%2C200&ssl=1 1x, https:\/\/i0.wp.com\/revistacultura.ro\/agenda\/wp-content\/uploads\/2022\/07\/Cum-va-place_fotoAlbert-Dobrin.jpg?resize=525%2C300&ssl=1 1.5x, https:\/\/i0.wp.com\/revistacultura.ro\/agenda\/wp-content\/uploads\/2022\/07\/Cum-va-place_fotoAlbert-Dobrin.jpg?resize=700%2C400&ssl=1 2x"},"classes":[]},{"id":20733,"url":"https:\/\/revistacultura.ro\/agenda\/2021\/01\/tn-timisoara-in-2021\/","url_meta":{"origin":18215,"position":3},"title":"TN Timi\u0219oara \u00een 2021","author":"Cultura","date":"4 ianuarie 2021","format":false,"excerpt":"\u00cencredere \u0219i speran\u021b\u0103 pentru viitorul Teatrului Na\u021bional din Timi\u0219oara \u0219i al publicului s\u0103u. Este mesajul pentru anul 2021 al Na\u021bionalului timi\u0219orean, acest teatru mereu prezent, mereu activ, mereu rezonant fa\u021b\u0103 de spectatorii s\u0103i \u0219i fa\u021b\u0103 de comunitate, pe tot parcursul acestui an at\u00e2t de plin de nea\u0219teptat. \u00cempreun\u0103 cu Teatrul\u2026","rel":"","context":"\u00cen \u201ecomunicate\u201d","block_context":{"text":"comunicate","link":"https:\/\/revistacultura.ro\/agenda\/category\/comunicate\/"},"img":{"alt_text":"","src":"","width":0,"height":0},"classes":[]},{"id":21067,"url":"https:\/\/revistacultura.ro\/agenda\/2023\/11\/premiera-dragoste-in-vremea-revolutiei-digitale-la-excelsior\/","url_meta":{"origin":18215,"position":4},"title":"Premier\u0103: \u201eDragoste \u00een vremea (R)Evolu\u021biei digitale\u201d la Excelsior","author":"Cultura","date":"13 noiembrie 2023","format":false,"excerpt":"\u00een regia lui Radu Nica Teatrul Excelsior anun\u021b\u0103 premiera spectacolului-manifest (R)Evolu\u021bie. Ghid de supravie\u021buire\u00een secolul XXI de Yael Ronen \u0219i Dimitrij Schaad, traducerea Mircea Sorin Rusu, \u00een regia luiRadu Nica, unul dintre numele de referin\u021b\u0103 ale scenei rom\u00e2ne\u0219ti, multiplu nominalizat la PremiileUNITER \u0219i c\u00e2\u0219tig\u0103tor \u00een 2005 al Premiului de debut\u2026","rel":"","context":"\u00cen \u201eAgenda culturala\u201d","block_context":{"text":"Agenda culturala","link":"https:\/\/revistacultura.ro\/agenda\/category\/agenda-cultura\/"},"img":{"alt_text":"","src":"https:\/\/i0.wp.com\/revistacultura.ro\/agenda\/wp-content\/uploads\/2023\/11\/excelsior-rad-nica.webp?resize=350%2C200&ssl=1","width":350,"height":200,"srcset":"https:\/\/i0.wp.com\/revistacultura.ro\/agenda\/wp-content\/uploads\/2023\/11\/excelsior-rad-nica.webp?resize=350%2C200&ssl=1 1x, https:\/\/i0.wp.com\/revistacultura.ro\/agenda\/wp-content\/uploads\/2023\/11\/excelsior-rad-nica.webp?resize=525%2C300&ssl=1 1.5x, https:\/\/i0.wp.com\/revistacultura.ro\/agenda\/wp-content\/uploads\/2023\/11\/excelsior-rad-nica.webp?resize=700%2C400&ssl=1 2x"},"classes":[]},{"id":21385,"url":"https:\/\/revistacultura.ro\/agenda\/2025\/09\/inscrieri-atelierele-arta-si-moda-pentru-viitor\/","url_meta":{"origin":18215,"position":5},"title":"\u00censcrieri: atelierele Art\u0103 \u0219i Mod\u0103 pentru viitor","author":"Cultura","date":"8 septembrie 2025","format":false,"excerpt":"Asocia\u021bia Elite Art lanseaz\u0103 proiectul From Waste to Wonder: Art\u0103 \u0219i Mod\u0103 pentru viitor - un demers artistic \u0219i ecologic dedicat creativit\u0103\u021bii prin upcycling \u00cen luna septembrie 2025, Asocia\u021bia Elite Art lanseaz\u0103 proiectul From Waste to Wonder: Art\u0103 \u0219i Mod\u0103 pentru viitor, co-finan\u021bat de Administra\u021bia Fondului Cultural Na\u021bional (AFCN). Proiectul\u2026","rel":"","context":"\u00cen \u201eProiecte sus\u021binute de revista CULTURA\u201d","block_context":{"text":"Proiecte sus\u021binute de revista CULTURA","link":"https:\/\/revistacultura.ro\/agenda\/category\/parteneriate\/"},"img":{"alt_text":"","src":"https:\/\/i0.wp.com\/revistacultura.ro\/agenda\/wp-content\/uploads\/2025\/09\/arta-si-moda.webp?resize=350%2C200&ssl=1","width":350,"height":200,"srcset":"https:\/\/i0.wp.com\/revistacultura.ro\/agenda\/wp-content\/uploads\/2025\/09\/arta-si-moda.webp?resize=350%2C200&ssl=1 1x, https:\/\/i0.wp.com\/revistacultura.ro\/agenda\/wp-content\/uploads\/2025\/09\/arta-si-moda.webp?resize=525%2C300&ssl=1 1.5x, https:\/\/i0.wp.com\/revistacultura.ro\/agenda\/wp-content\/uploads\/2025\/09\/arta-si-moda.webp?resize=700%2C400&ssl=1 2x"},"classes":[]}],"jetpack_featured_media_url":"","_links":{"self":[{"href":"https:\/\/revistacultura.ro\/agenda\/wp-json\/wp\/v2\/posts\/18215","targetHints":{"allow":["GET"]}}],"collection":[{"href":"https:\/\/revistacultura.ro\/agenda\/wp-json\/wp\/v2\/posts"}],"about":[{"href":"https:\/\/revistacultura.ro\/agenda\/wp-json\/wp\/v2\/types\/post"}],"author":[{"embeddable":true,"href":"https:\/\/revistacultura.ro\/agenda\/wp-json\/wp\/v2\/users\/2"}],"replies":[{"embeddable":true,"href":"https:\/\/revistacultura.ro\/agenda\/wp-json\/wp\/v2\/comments?post=18215"}],"version-history":[{"count":0,"href":"https:\/\/revistacultura.ro\/agenda\/wp-json\/wp\/v2\/posts\/18215\/revisions"}],"wp:attachment":[{"href":"https:\/\/revistacultura.ro\/agenda\/wp-json\/wp\/v2\/media?parent=18215"}],"wp:term":[{"taxonomy":"category","embeddable":true,"href":"https:\/\/revistacultura.ro\/agenda\/wp-json\/wp\/v2\/categories?post=18215"},{"taxonomy":"post_tag","embeddable":true,"href":"https:\/\/revistacultura.ro\/agenda\/wp-json\/wp\/v2\/tags?post=18215"}],"curies":[{"name":"wp","href":"https:\/\/api.w.org\/{rel}","templated":true}]}}