{"id":18212,"date":"2014-03-20T12:46:38","date_gmt":"2014-03-20T10:46:38","guid":{"rendered":"http:\/\/revistacultura.ro\/nou\/?p=18212"},"modified":"2014-03-20T12:46:38","modified_gmt":"2014-03-20T10:46:38","slug":"hoti-tnb-regia-radu-afrim","status":"publish","type":"post","link":"https:\/\/revistacultura.ro\/agenda\/2014\/03\/hoti-tnb-regia-radu-afrim\/","title":{"rendered":"Ho\u0163i, TNB, regia Radu Afrim"},"content":{"rendered":"<p>S-a scuturat de giumbuslucuri, s-a linistit, e serios acum. Dar si-a p\u0103strat seva afrimian\u0103: interesul pentru cei mul\u0163i \u015fi neferici\u0163i pe care existen\u0163a doar \u00eei locuie\u0103te. Cei ce nu sunt \u00een stare de hot\u0103r\u00e2ri, nu pot s\u0103-\u0103i ia via\u0163a \u00een m\u00e2ini, a\u0103a c\u0103 mai bine se las\u0103 molcom leg\u0103na\u0163i de valurile ei. S-a \u00eent\u00e2lnit pentru a treia oar\u0103 cu o autoare care i-a prilejuit spectacole bune: Dea Loher. \u015ei prima oar\u0103 cu un actor de imens talent \u015fi de o factur\u0103 personal\u0103, Cornel Scripcaru. \u015ei tot prima oar\u0103 cu o actri\u0163\u0103 de un comic nebun, Natalia C\u0103lin. C\u0103ci Liliana Ghi\u0163\u0103 sau Marius Manole sunt la a nu \u0103tiu c\u00e2ta performan\u0163\u0103 \u00een regia inteligent-juc\u0103u\u0103-emo\u0163ional\u0103 a lui Afrim. Cu alte cuvinte, merge\u0163i s\u0103 vede\u0163i Ho\u0163i la Teatrul Na\u0163ional \u00een regia lui Radu Afrim!<\/p>\n","protected":false},"excerpt":{"rendered":"<p>S-a scuturat de giumbuslucuri, s-a linistit, e serios acum. Dar si-a p\u0103strat seva afrimian\u0103: interesul pentru cei mul\u0163i \u015fi neferici\u0163i pe care existen\u0163a doar \u00eei locuie\u0103te. Cei ce nu sunt \u00een stare de hot\u0103r\u00e2ri, nu pot s\u0103-\u0103i ia via\u0163a \u00een m\u00e2ini, a\u0103a c\u0103 mai bine se las\u0103 molcom leg\u0103na\u0163i de valurile ei. S-a \u00eent\u00e2lnit pentru&hellip;&nbsp;<a href=\"https:\/\/revistacultura.ro\/agenda\/2014\/03\/hoti-tnb-regia-radu-afrim\/\" rel=\"bookmark\">Cite\u0219te mai mult &raquo;<span class=\"screen-reader-text\">Ho\u0163i, TNB, regia Radu Afrim<\/span><\/a><\/p>\n","protected":false},"author":2,"featured_media":0,"comment_status":"open","ping_status":"open","sticky":false,"template":"","format":"standard","meta":{"neve_meta_sidebar":"","neve_meta_container":"","neve_meta_enable_content_width":"","neve_meta_content_width":0,"neve_meta_title_alignment":"","neve_meta_author_avatar":"","neve_post_elements_order":"","neve_meta_disable_header":"","neve_meta_disable_footer":"","neve_meta_disable_title":"","_jetpack_newsletter_access":"","_jetpack_dont_email_post_to_subs":false,"_jetpack_newsletter_tier_id":0,"_jetpack_memberships_contains_paywalled_content":false,"_jetpack_feature_clip_id":0,"_jetpack_memberships_contains_paid_content":false,"footnotes":"","jetpack_publicize_message":"","jetpack_publicize_feature_enabled":true,"jetpack_social_post_already_shared":true,"jetpack_social_options":{"image_generator_settings":{"template":"highway","default_image_id":0,"font":"","enabled":false},"version":2},"jetpack_post_was_ever_published":false},"categories":[22],"tags":[47,48,49],"class_list":["post-18212","post","type-post","status-publish","format-standard","hentry","category-recomandarile-cultura","tag-piesa-hoti","tag-regia-radu-afrim","tag-tnb"],"jetpack_publicize_connections":[],"jetpack_sharing_enabled":true,"jetpack-related-posts":[{"id":19518,"url":"https:\/\/revistacultura.ro\/agenda\/2014\/11\/afrim-la-sibiu\/","url_meta":{"origin":18212,"position":0},"title":"Afrim la Sibiu","author":"Revista","date":"13 noiembrie 2014","format":false,"excerpt":"\u00a0 Radu Afrim regizeaz\u0103 pentru prima oar\u0103 la Sibiu. Noul s\u0103u spectacol, Tattoo, de Igor Bauersima \u015fi R\u00e9jane Desvignes, premier\u0103 absolut\u0103 \u00een Rom\u00e2nia, a avut premiera la Sec\u0163ia German\u0103 a TNRS, pe 25 octombrie. Scenografia este semnat\u0103 de Drago\u015f Buhagiar. Fred, un scriitor ratat, \u015fi Lea, o actri\u0163\u0103 \u015fomer\u0103, care\u2026","rel":"","context":"\u00cen \u201eAgenda culturala\u201d","block_context":{"text":"Agenda culturala","link":"https:\/\/revistacultura.ro\/agenda\/category\/agenda-cultura\/"},"img":{"alt_text":"","src":"https:\/\/i0.wp.com\/revistacultura.ro\/agenda\/wp-content\/uploads\/2014\/11\/Untitled-1.jpg?resize=350%2C200&ssl=1","width":350,"height":200,"srcset":"https:\/\/i0.wp.com\/revistacultura.ro\/agenda\/wp-content\/uploads\/2014\/11\/Untitled-1.jpg?resize=350%2C200&ssl=1 1x, https:\/\/i0.wp.com\/revistacultura.ro\/agenda\/wp-content\/uploads\/2014\/11\/Untitled-1.jpg?resize=525%2C300&ssl=1 1.5x"},"classes":[]},{"id":20145,"url":"https:\/\/revistacultura.ro\/agenda\/2019\/09\/stagiunea-de-toamna-la-tnb\/","url_meta":{"origin":18212,"position":1},"title":"Stagiunea de toamn\u0103 la TNB","author":"Revista","date":"27 septembrie 2019","format":false,"excerpt":"Prima premier\u0103 a Teatrului Na\u021bional \u201eI.L. Caragiale\u201d din Bucure\u0219ti \u00een stagiunea 2019-2020 a fost cu piesa \u201eNegu\u021b\u0103torul din Vene\u021bia\u201d, dup\u0103 William Shakespeare, regia Alexander Morfov. Cu alte trei mont\u0103ri la TNB (\"Vizita b\u0103tr\u00e2nei doamne\", \"Furtuna\" \u0219i \"No Man\u2019s Land\"), regizorul bulgar a revenit la Bucure\u0219ti pentru a monta o comedie\u2026","rel":"","context":"\u00cen \u201eRecomand\u0103ri\u201d","block_context":{"text":"Recomand\u0103ri","link":"https:\/\/revistacultura.ro\/agenda\/category\/recomandarile-cultura\/"},"img":{"alt_text":"","src":"https:\/\/i0.wp.com\/revistacultura.ro\/agenda\/wp-content\/uploads\/2019\/10\/Bucuresti_Romania.jpg?resize=350%2C200&ssl=1","width":350,"height":200,"srcset":"https:\/\/i0.wp.com\/revistacultura.ro\/agenda\/wp-content\/uploads\/2019\/10\/Bucuresti_Romania.jpg?resize=350%2C200&ssl=1 1x, https:\/\/i0.wp.com\/revistacultura.ro\/agenda\/wp-content\/uploads\/2019\/10\/Bucuresti_Romania.jpg?resize=525%2C300&ssl=1 1.5x"},"classes":[]},{"id":21139,"url":"https:\/\/revistacultura.ro\/agenda\/2024\/05\/premiile-uniter-2024-castigatorii\/","url_meta":{"origin":18212,"position":2},"title":"Premiile Uniter 2024 &#8211; c\u00e2\u0219tig\u0103torii","author":"Cultura","date":"28 mai 2024","format":false,"excerpt":"Luni, 27 mai, la TNB, a avut loc Gala Premiilor UNITER 2024 Regie Premiul pentru Cea mai bun\u0103 regie (Premiul \u201eLucian Pintilie\u201d) a fost c\u00e2\u0219tigat de Andrei M\u0103jeri (foto) pentru regia spectacolului \u201eCine l-a ucis pe tata?\u201d, dramatizare de Mihaela Michailov dup\u0103 romanul omonim de \u00c9douard Louis, scenografia Adrian Balc\u0103u,\u2026","rel":"","context":"\u00cen \u201eAgenda culturala\u201d","block_context":{"text":"Agenda culturala","link":"https:\/\/revistacultura.ro\/agenda\/category\/agenda-cultura\/"},"img":{"alt_text":"","src":"https:\/\/i0.wp.com\/revistacultura.ro\/agenda\/wp-content\/uploads\/2024\/05\/649_n.webp?resize=350%2C200&ssl=1","width":350,"height":200,"srcset":"https:\/\/i0.wp.com\/revistacultura.ro\/agenda\/wp-content\/uploads\/2024\/05\/649_n.webp?resize=350%2C200&ssl=1 1x, https:\/\/i0.wp.com\/revistacultura.ro\/agenda\/wp-content\/uploads\/2024\/05\/649_n.webp?resize=525%2C300&ssl=1 1.5x, https:\/\/i0.wp.com\/revistacultura.ro\/agenda\/wp-content\/uploads\/2024\/05\/649_n.webp?resize=700%2C400&ssl=1 2x"},"classes":[]},{"id":21478,"url":"https:\/\/revistacultura.ro\/agenda\/2025\/10\/evenimentele-conexe-ale-festivalului-national-de-teatru-2025\/","url_meta":{"origin":18212,"position":3},"title":"Evenimentele conexe ale Festivalului Na\u021bional de Teatru 2025","author":"Cultura","date":"13 octombrie 2025","format":false,"excerpt":"Cea de-a 35-a edi\u021bie a Festivalului Na\u021bional de Teatru (FNT) se desf\u0103\u0219oar\u0103 \u00eentre 17 \u0219i 26 octombrie 2025, la Bucure\u0219ti, sub tema \u201eFNT 2025. Te prive\u0219te!\u201d. Organizator este Asocia\u021bia UNITER \u2013 Uniunea Teatral\u0103 din Rom\u00e2nia, cu sprijinul Ministerului Culturii, Prim\u0103riei Capitalei \u0219i ARCUB. De\u0219i biletele pentru spectacole sunt aproape epuizate,\u2026","rel":"","context":"\u00cen \u201eAgenda culturala\u201d","block_context":{"text":"Agenda culturala","link":"https:\/\/revistacultura.ro\/agenda\/category\/agenda-cultura\/"},"img":{"alt_text":"","src":"https:\/\/i0.wp.com\/revistacultura.ro\/agenda\/wp-content\/uploads\/2025\/10\/afis-fnt-35-2025.jpg?resize=350%2C200&ssl=1","width":350,"height":200,"srcset":"https:\/\/i0.wp.com\/revistacultura.ro\/agenda\/wp-content\/uploads\/2025\/10\/afis-fnt-35-2025.jpg?resize=350%2C200&ssl=1 1x, https:\/\/i0.wp.com\/revistacultura.ro\/agenda\/wp-content\/uploads\/2025\/10\/afis-fnt-35-2025.jpg?resize=525%2C300&ssl=1 1.5x, https:\/\/i0.wp.com\/revistacultura.ro\/agenda\/wp-content\/uploads\/2025\/10\/afis-fnt-35-2025.jpg?resize=700%2C400&ssl=1 2x"},"classes":[]},{"id":19973,"url":"https:\/\/revistacultura.ro\/agenda\/2019\/02\/noii-infractori-in-regia-lui-ion-caramitru\/","url_meta":{"origin":18212,"position":4},"title":"\u201eNoii infractori\u201d, \u00een regia lui Ion Caramitru","author":"Cultura","date":"17 februarie 2019","format":false,"excerpt":"\u201dNOII INFRACTORI\u201d\u00a0de Edna Mazia, traducerea Etgard Bitel,\u00a0regia Ion Caramitru Apreciat\u0103 de renumita publica\u0163ie Haaretz Magazine ca \u201eprima doamn\u0103 a\u00a0teatrului israelian\u201d, Edna Mazia\u00a0s-a remarcat mai \u00eent\u00e2i ca scenarist,\u00a0apoi ca dramaturg \u015fi regizor de teatru, a urmat studii de filosofie \u015fi de\u00a0 teatru, iar cariera i-a fost \u00eencununat\u0103 de recunoa\u015fterea publicului \u015fi\u2026","rel":"","context":"\u00cen \u201eSemnal\u201d","block_context":{"text":"Semnal","link":"https:\/\/revistacultura.ro\/agenda\/category\/semnal\/"},"img":{"alt_text":"","src":"https:\/\/i0.wp.com\/revistacultura.ro\/agenda\/wp-content\/uploads\/2019\/02\/noii-infractori-tnb.jpg?resize=350%2C200&ssl=1","width":350,"height":200,"srcset":"https:\/\/i0.wp.com\/revistacultura.ro\/agenda\/wp-content\/uploads\/2019\/02\/noii-infractori-tnb.jpg?resize=350%2C200&ssl=1 1x, https:\/\/i0.wp.com\/revistacultura.ro\/agenda\/wp-content\/uploads\/2019\/02\/noii-infractori-tnb.jpg?resize=525%2C300&ssl=1 1.5x, https:\/\/i0.wp.com\/revistacultura.ro\/agenda\/wp-content\/uploads\/2019\/02\/noii-infractori-tnb.jpg?resize=700%2C400&ssl=1 2x"},"classes":[]},{"id":19539,"url":"https:\/\/revistacultura.ro\/agenda\/2014\/11\/premiera-la-tnb\/","url_meta":{"origin":18212,"position":5},"title":"Premier\u0103 la TNB","author":"Revista","date":"13 noiembrie 2014","format":false,"excerpt":"\u00a0 Programul 9G (Noua Genera\u0163ie), ini\u0163iat de Teatrul Na\u0163ional Bucure\u015fti, continu\u0103 cu o nou\u0103 premier\u0103, Ziua \u00een care nu se cump\u0103r\u0103 nimic de Kim Atle Hansen, \u00een regia lui Horia Suru. Spectacolul urm\u0103re\u015fte povestea unor tineri care lupt\u0103 pentru o lume mai bun\u0103. Au nevoie s\u0103 fie asculta\u0163i. Actorii sunt\u2026","rel":"","context":"\u00cen \u201eAgenda culturala\u201d","block_context":{"text":"Agenda culturala","link":"https:\/\/revistacultura.ro\/agenda\/category\/agenda-cultura\/"},"img":{"alt_text":"","src":"https:\/\/i0.wp.com\/revistacultura.ro\/agenda\/wp-content\/uploads\/2014\/11\/Untitled-16.jpg?resize=350%2C200&ssl=1","width":350,"height":200},"classes":[]}],"jetpack_featured_media_url":"","_links":{"self":[{"href":"https:\/\/revistacultura.ro\/agenda\/wp-json\/wp\/v2\/posts\/18212","targetHints":{"allow":["GET"]}}],"collection":[{"href":"https:\/\/revistacultura.ro\/agenda\/wp-json\/wp\/v2\/posts"}],"about":[{"href":"https:\/\/revistacultura.ro\/agenda\/wp-json\/wp\/v2\/types\/post"}],"author":[{"embeddable":true,"href":"https:\/\/revistacultura.ro\/agenda\/wp-json\/wp\/v2\/users\/2"}],"replies":[{"embeddable":true,"href":"https:\/\/revistacultura.ro\/agenda\/wp-json\/wp\/v2\/comments?post=18212"}],"version-history":[{"count":0,"href":"https:\/\/revistacultura.ro\/agenda\/wp-json\/wp\/v2\/posts\/18212\/revisions"}],"wp:attachment":[{"href":"https:\/\/revistacultura.ro\/agenda\/wp-json\/wp\/v2\/media?parent=18212"}],"wp:term":[{"taxonomy":"category","embeddable":true,"href":"https:\/\/revistacultura.ro\/agenda\/wp-json\/wp\/v2\/categories?post=18212"},{"taxonomy":"post_tag","embeddable":true,"href":"https:\/\/revistacultura.ro\/agenda\/wp-json\/wp\/v2\/tags?post=18212"}],"curies":[{"name":"wp","href":"https:\/\/api.w.org\/{rel}","templated":true}]}}