{"id":18048,"date":"2014-03-13T12:11:27","date_gmt":"2014-03-13T10:11:27","guid":{"rendered":"http:\/\/revistacultura.ro\/nou\/?p=18048"},"modified":"2014-03-13T12:11:27","modified_gmt":"2014-03-13T10:11:27","slug":"liviu-radu-golem","status":"publish","type":"post","link":"https:\/\/revistacultura.ro\/agenda\/2014\/03\/liviu-radu-golem\/","title":{"rendered":"Liviu Radu, &#8222;Golem&#8230;&#8221;"},"content":{"rendered":"<p><strong>Liviu Radu, <em>Golem, Golem \u015fi alte povestiri fantastice<\/em>, Bucure\u015fti, Editura Nemira, 2014, 320 pagini, 28 lei<\/strong><\/p>\n<p>\u201eOceane f\u0103r\u0103 margini, forturi ce poart\u0103 urmele unui trecut enigmatic, ora\u015fe \u00een care se petrec \u00eent\u00e2mpl\u0103ri de ne\u00een\u0163eles, \u00eenc\u0103peri unde apar fiin\u0163e imateriale. Clipe ie\u015fite din timp, momente desprinse din curgerea banal\u0103, palpabil\u0103, a timpului, ore \u00een care se schimb\u0103 trecutul \u015fi se anticipeaz\u0103 viitorul. Fiin\u0163e lichide, creaturi n\u0103scute cu puterea g\u00e2ndului, Shelley \u015fi Byron, mituri \u015fi legende se \u00eent\u00e2lnesc \u00een zece povestiri de savurat pe \u00eendelete.\u201d <em><strong>(www.nemira.ro)<\/strong><\/em><\/p>\n","protected":false},"excerpt":{"rendered":"<p>Liviu Radu, Golem, Golem \u015fi alte povestiri fantastice, Bucure\u015fti, Editura Nemira, 2014, 320 pagini, 28 lei \u201eOceane f\u0103r\u0103 margini, forturi ce poart\u0103 urmele unui trecut enigmatic, ora\u015fe \u00een care se petrec \u00eent\u00e2mpl\u0103ri de ne\u00een\u0163eles, \u00eenc\u0103peri unde apar fiin\u0163e imateriale. Clipe ie\u015fite din timp, momente desprinse din curgerea banal\u0103, palpabil\u0103, a timpului, ore \u00een care se&hellip;&nbsp;<a href=\"https:\/\/revistacultura.ro\/agenda\/2014\/03\/liviu-radu-golem\/\" rel=\"bookmark\">Cite\u0219te mai mult &raquo;<span class=\"screen-reader-text\">Liviu Radu, &#8222;Golem&#8230;&#8221;<\/span><\/a><\/p>\n","protected":false},"author":2,"featured_media":0,"comment_status":"open","ping_status":"open","sticky":false,"template":"","format":"standard","meta":{"neve_meta_sidebar":"","neve_meta_container":"","neve_meta_enable_content_width":"","neve_meta_content_width":0,"neve_meta_title_alignment":"","neve_meta_author_avatar":"","neve_post_elements_order":"","neve_meta_disable_header":"","neve_meta_disable_footer":"","neve_meta_disable_title":"","_jetpack_newsletter_access":"","_jetpack_dont_email_post_to_subs":false,"_jetpack_newsletter_tier_id":0,"_jetpack_memberships_contains_paywalled_content":false,"_jetpack_feature_clip_id":0,"_jetpack_memberships_contains_paid_content":false,"footnotes":"","jetpack_publicize_message":"","jetpack_publicize_feature_enabled":true,"jetpack_social_post_already_shared":true,"jetpack_social_options":{"image_generator_settings":{"template":"highway","default_image_id":0,"font":"","enabled":false},"version":2},"jetpack_post_was_ever_published":false},"categories":[152],"tags":[180,181,182],"class_list":["post-18048","post","type-post","status-publish","format-standard","hentry","category-agenda-cultura","tag-editura-nemira","tag-golem","tag-liviu-radu"],"jetpack_publicize_connections":[],"jetpack_sharing_enabled":true,"jetpack-related-posts":[{"id":19380,"url":"https:\/\/revistacultura.ro\/agenda\/2014\/09\/liviu-radu-spaime\/","url_meta":{"origin":18048,"position":0},"title":"Liviu Radu, &#8222;Spaime&#8221;","author":"Revista","date":"11 septembrie 2014","format":false,"excerpt":"Spaime este a patra carte publicat\u0103 de Liviu Radu la Nemira \u00een ultimii doi ani, dup\u0103 Armata moliilor (2012) \u015fi La galop prin piramid\u0103 (2013), primele dou\u0103 volume din seria light fantasy Taravik, \u015fi culegerea de povestiri fantastice Golem, golem (2014); asta pentru a nu mai vorbi de numeroasele colabor\u0103ri\u2026","rel":"","context":"\u00cen \u201eAparitii editoriale\u201d","block_context":{"text":"Aparitii editoriale","link":"https:\/\/revistacultura.ro\/agenda\/category\/aparitii-editoriale\/"},"img":{"alt_text":"","src":"","width":0,"height":0},"classes":[]},{"id":18887,"url":"https:\/\/revistacultura.ro\/agenda\/2014\/05\/xenos-contact-intre-civilizatii\/","url_meta":{"origin":18048,"position":1},"title":"Xenos. Contact \u00eentre civiliza\u0163ii","author":"Cultura","date":"21 mai 2014","format":false,"excerpt":"Xenos. Contact \u00eentre civiliza\u0163ii, Editura Nemira, Bucure\u015fti, 2014, 304 pagini, 25 lei \u201eFie c-i numi\u0163i \u00abextratere\u015ftri\u00bb, fie c le spune\u0163i doar \u00abei\u00bb, fie cnu le da\u0163i un nume, din team csimpla lui rostire i-ar \u00eendeprta prea devreme sau ar fi exact semnalul de \u00eencepere a invaziei, atingerea lor tot o\u2026","rel":"","context":"\u00cen \u201eAparitii editoriale\u201d","block_context":{"text":"Aparitii editoriale","link":"https:\/\/revistacultura.ro\/agenda\/category\/aparitii-editoriale\/"},"img":{"alt_text":"","src":"","width":0,"height":0},"classes":[]},{"id":18082,"url":"https:\/\/revistacultura.ro\/agenda\/2014\/03\/colectia-de-povestiri-stiintifico-fantastice-anticipatia-nr-15\/","url_meta":{"origin":18048,"position":2},"title":"Colec\u0163ia de Povestiri \u015etiin\u0163ifico-Fantastice Anticipatia, nr.15","author":"Revista","date":"13 martie 2014","format":false,"excerpt":"FIC\u0162IUNE Colec\u0163ia de Povestiri \u015etiin\u0163ifico-Fantastice (CPSF) Anticipatia, nr.15, 88 pagini, 10 lei Legendara Colec\u0163ie de Povestiri \u015etiin\u0163ifico-Fantastice (CPSF) a re\u00eenviat la Editura Nemira \u015fi a ajuns deja la num\u0103rul 15, \u00een al c\u0103rui sumar pot fi citite texte de Bruce Sterling (\u201eGr\u0103dinile scufundate\u201d) \u015fi Joe Abercrombie (\u201eO bandit\u0103\u201d). Abercrombie, tradus\u2026","rel":"","context":"\u00cen \u201eRecomand\u0103ri\u201d","block_context":{"text":"Recomand\u0103ri","link":"https:\/\/revistacultura.ro\/agenda\/category\/recomandarile-cultura\/"},"img":{"alt_text":"","src":"","width":0,"height":0},"classes":[]},{"id":18554,"url":"https:\/\/revistacultura.ro\/agenda\/2014\/04\/gustav-meyrink-fata-verde\/","url_meta":{"origin":18048,"position":3},"title":"Gustav Meyrink, Fa\u0163a verde","author":"Revista","date":"3 aprilie 2014","format":false,"excerpt":"\u00a0Gustav Meyrink, Fa\u0163a verde, Bucure\u015fti, Editura Nemira, 2014, 344 pagini, 30 lei \u201eDup\u0103 sf\u00e2r\u015fitul Primului R\u0103zboi Mondial, Amsterdam este El Dorado sau Mecca pentru to\u0163i cei care t\u00e2njesc dup\u0103 schimbare. Unii trec grani\u0163ele lumii concrete \u015fi caut\u0103 ini\u0163ierea interioar\u0103, \u00eentr-o lume plin\u0103 de iluzioni\u015fti \u015fi ilumina\u0163i, \u015famani africani \u015fi cabali\u015fti.\u2026","rel":"","context":"\u00cen \u201eAgenda culturala\u201d","block_context":{"text":"Agenda culturala","link":"https:\/\/revistacultura.ro\/agenda\/category\/agenda-cultura\/"},"img":{"alt_text":"","src":"","width":0,"height":0},"classes":[]},{"id":20932,"url":"https:\/\/revistacultura.ro\/agenda\/2022\/11\/targ-de-carte-de-teatru-in-cadrul-fnt\/","url_meta":{"origin":18048,"position":4},"title":"T\u00e2rg de carte de teatru \u00een cadrul FNT","author":"Cultura","date":"4 noiembrie 2022","format":false,"excerpt":"Festivalul Na\u021bional de Teatru din Bucure\u0219ti este programat \u00een perioada 5-13 noiembrie. Click aici pentru a desc\u0103rca (PDF)\u00a0programul spectacolelor. Pe l\u00e2ng\u0103 spectacolele de teatru, \u00een festival sunt incluse multe alte evenimente: expozi\u021bii de fotografie de teatru, instala\u021bii, spectacole-lectur\u0103, ateliere, dezbateri. O sec\u021biune special\u0103 a edi\u021biei din acest an a festivalului\u2026","rel":"","context":"\u00cen \u201eAparitii editoriale\u201d","block_context":{"text":"Aparitii editoriale","link":"https:\/\/revistacultura.ro\/agenda\/category\/aparitii-editoriale\/"},"img":{"alt_text":"","src":"https:\/\/i0.wp.com\/revistacultura.ro\/agenda\/wp-content\/uploads\/2022\/11\/teatru2.jpg?resize=350%2C200&ssl=1","width":350,"height":200,"srcset":"https:\/\/i0.wp.com\/revistacultura.ro\/agenda\/wp-content\/uploads\/2022\/11\/teatru2.jpg?resize=350%2C200&ssl=1 1x, https:\/\/i0.wp.com\/revistacultura.ro\/agenda\/wp-content\/uploads\/2022\/11\/teatru2.jpg?resize=525%2C300&ssl=1 1.5x, https:\/\/i0.wp.com\/revistacultura.ro\/agenda\/wp-content\/uploads\/2022\/11\/teatru2.jpg?resize=700%2C400&ssl=1 2x"},"classes":[]},{"id":19018,"url":"https:\/\/revistacultura.ro\/agenda\/2014\/05\/bookfest-2014-in-10-carti-noi\/","url_meta":{"origin":18048,"position":5},"title":"Bookfest 2014 \u00een 10 c\u0103r\u0163i noi","author":"Revista","date":"30 mai 2014","format":false,"excerpt":"Ren\u00e9 Descartes, Coresponden\u0163a complet\u00e3, volumul I: 1607-1638, edi\u0163ie \u00eengrijit\u00e3 \u015fi introducere de Vlad Alexandrescu, traducere din francez\u00e3, latin\u00e3 \u015fi neerlandez\u00e3 de Vlad Alexandrescu, Robert Arn\u00e3utu, Robert Lazu, C\u00e3lin Cristian Pop, Mihai-Drago\u015f V\u00e3dana, Grigore Vida, Editura Polirom, 864 pagini, 80 lei Robert D. Kaplan, R\u00e3zbunarea geografiei. Ce ne spune harta despre\u2026","rel":"","context":"\u00cen \u201eAparitii editoriale\u201d","block_context":{"text":"Aparitii editoriale","link":"https:\/\/revistacultura.ro\/agenda\/category\/aparitii-editoriale\/"},"img":{"alt_text":"","src":"https:\/\/i0.wp.com\/revistacultura.ro\/agenda\/wp-content\/uploads\/2014\/05\/9316872_o.jpg?resize=350%2C200&ssl=1","width":350,"height":200,"srcset":"https:\/\/i0.wp.com\/revistacultura.ro\/agenda\/wp-content\/uploads\/2014\/05\/9316872_o.jpg?resize=350%2C200&ssl=1 1x, https:\/\/i0.wp.com\/revistacultura.ro\/agenda\/wp-content\/uploads\/2014\/05\/9316872_o.jpg?resize=525%2C300&ssl=1 1.5x"},"classes":[]}],"jetpack_featured_media_url":"","_links":{"self":[{"href":"https:\/\/revistacultura.ro\/agenda\/wp-json\/wp\/v2\/posts\/18048","targetHints":{"allow":["GET"]}}],"collection":[{"href":"https:\/\/revistacultura.ro\/agenda\/wp-json\/wp\/v2\/posts"}],"about":[{"href":"https:\/\/revistacultura.ro\/agenda\/wp-json\/wp\/v2\/types\/post"}],"author":[{"embeddable":true,"href":"https:\/\/revistacultura.ro\/agenda\/wp-json\/wp\/v2\/users\/2"}],"replies":[{"embeddable":true,"href":"https:\/\/revistacultura.ro\/agenda\/wp-json\/wp\/v2\/comments?post=18048"}],"version-history":[{"count":0,"href":"https:\/\/revistacultura.ro\/agenda\/wp-json\/wp\/v2\/posts\/18048\/revisions"}],"wp:attachment":[{"href":"https:\/\/revistacultura.ro\/agenda\/wp-json\/wp\/v2\/media?parent=18048"}],"wp:term":[{"taxonomy":"category","embeddable":true,"href":"https:\/\/revistacultura.ro\/agenda\/wp-json\/wp\/v2\/categories?post=18048"},{"taxonomy":"post_tag","embeddable":true,"href":"https:\/\/revistacultura.ro\/agenda\/wp-json\/wp\/v2\/tags?post=18048"}],"curies":[{"name":"wp","href":"https:\/\/api.w.org\/{rel}","templated":true}]}}