{"id":18046,"date":"2014-03-13T12:09:45","date_gmt":"2014-03-13T10:09:45","guid":{"rendered":"http:\/\/revistacultura.ro\/nou\/?p=18046"},"modified":"2014-03-13T12:09:45","modified_gmt":"2014-03-13T10:09:45","slug":"emmanuel-carrere-limonov","status":"publish","type":"post","link":"https:\/\/revistacultura.ro\/agenda\/2014\/03\/emmanuel-carrere-limonov\/","title":{"rendered":"Emmanuel Carr\u00e8re, &#8222;Limonov&#8221;"},"content":{"rendered":"<p><strong>Emmanuel Carr\u00e8re, <em>Limonov<\/em>, traducere de Doru Mare\u015f, Bucure\u015fti, Editura Trei, 2014, 472 pagini, 45 lei<\/strong><\/p>\n<p><strong><\/strong><br \/>\n\u201eRoman biografic sau biografie fic\u0163ionalizat\u0103, cartea lui Emmanuel Carr\u00e8re reconstruie\u015fte via\u0163a unui personaj real, ivit parc\u0103 din paginile unei c\u0103r\u0163i. Un personaj excentric, ambiguu, evaziv \u015fi schimb\u0103tor, cu o via\u0163\u0103 aproape neverosimil de aventuroas\u0103, care \u00eei permite autorului s\u0103 traseze un portret conving\u0103tor al Rusiei din ultimii cincizeci de ani \u015fi \u00een acela\u015fi timp s\u0103 se lanseze \u00eentr-o explorare uimitoare a paradoxurilor condi\u0163iei umane.\u201d<strong><em> (www.edituratrei.ro)<\/em><\/strong><\/p>\n","protected":false},"excerpt":{"rendered":"<p>Emmanuel Carr\u00e8re, Limonov, traducere de Doru Mare\u015f, Bucure\u015fti, Editura Trei, 2014, 472 pagini, 45 lei \u201eRoman biografic sau biografie fic\u0163ionalizat\u0103, cartea lui Emmanuel Carr\u00e8re reconstruie\u015fte via\u0163a unui personaj real, ivit parc\u0103 din paginile unei c\u0103r\u0163i. Un personaj excentric, ambiguu, evaziv \u015fi schimb\u0103tor, cu o via\u0163\u0103 aproape neverosimil de aventuroas\u0103, care \u00eei permite autorului s\u0103 traseze&hellip;&nbsp;<a href=\"https:\/\/revistacultura.ro\/agenda\/2014\/03\/emmanuel-carrere-limonov\/\" rel=\"bookmark\">Cite\u0219te mai mult &raquo;<span class=\"screen-reader-text\">Emmanuel Carr\u00e8re, &#8222;Limonov&#8221;<\/span><\/a><\/p>\n","protected":false},"author":2,"featured_media":0,"comment_status":"open","ping_status":"open","sticky":false,"template":"","format":"standard","meta":{"neve_meta_sidebar":"","neve_meta_container":"","neve_meta_enable_content_width":"","neve_meta_content_width":0,"neve_meta_title_alignment":"","neve_meta_author_avatar":"","neve_post_elements_order":"","neve_meta_disable_header":"","neve_meta_disable_footer":"","neve_meta_disable_title":"","_jetpack_newsletter_access":"","_jetpack_dont_email_post_to_subs":false,"_jetpack_newsletter_tier_id":0,"_jetpack_memberships_contains_paywalled_content":false,"_jetpack_feature_clip_id":0,"_jetpack_memberships_contains_paid_content":false,"footnotes":"","jetpack_publicize_message":"","jetpack_publicize_feature_enabled":true,"jetpack_social_post_already_shared":true,"jetpack_social_options":{"image_generator_settings":{"template":"highway","default_image_id":0,"font":"","enabled":false},"version":2},"jetpack_post_was_ever_published":false},"categories":[152],"tags":[177,178,179],"class_list":["post-18046","post","type-post","status-publish","format-standard","hentry","category-agenda-cultura","tag-editura-trei","tag-emmanuel-carrere","tag-limonov"],"jetpack_publicize_connections":[],"jetpack_sharing_enabled":true,"jetpack-related-posts":[{"id":19620,"url":"https:\/\/revistacultura.ro\/agenda\/2014\/12\/george-banu-premiat-de-academia-franceza\/","url_meta":{"origin":18046,"position":0},"title":"George Banu premiat de Academia Francez\u0103","author":"Revista","date":"12 decembrie 2014","format":false,"excerpt":"\u00a0 \u00cen \u015fedin\u0163a solemn\u0103 din 4 decembrie, \u00een prezen\u0163a filozofului Jean Louis Marion, a secretarei Academiei, H\u00e9l\u00e8ne Carr\u00e8re D\u2019Encausse, \u015fi a fostului pre\u015fedinte al Fran\u0163ei, Val\u00e9ry Giscard d\u2019Estaing, profesorului \u015fi criticului de teatru George Banu i s-a acordat Premiul Academiei Franceze pentru difuzarea culturii franceze \u00een lume. Stabilit la Paris\u2026","rel":"","context":"\u00cen \u201eAgenda culturala\u201d","block_context":{"text":"Agenda culturala","link":"https:\/\/revistacultura.ro\/agenda\/category\/agenda-cultura\/"},"img":{"alt_text":"","src":"","width":0,"height":0},"classes":[]},{"id":20163,"url":"https:\/\/revistacultura.ro\/agenda\/2019\/09\/turneul-153-de-secunde-colectiv-iasi-sfantu-gheorghe-craiova-bucuresti\/","url_meta":{"origin":18046,"position":1},"title":"Turneul \u201e153 de secunde\u201d\/Colectiv &#8211; Ia\u0219i, Sf\u00e2ntu Gheorghe, Craiova, Bucure\u0219ti","author":"Revista","date":"14 septembrie 2019","format":false,"excerpt":"Pornind de la m\u0103rturiile unei supravie\u021buitoare a tragediei de la Colectiv, Tedy Ursuleanu, regizoarea Ioana P\u0103un \u0219i scenarista Svetlana C\u00e2rstean au realizat un spectacol teatral de mare for\u021b\u0103, cu elemente de eseu vizual, o reconstruc\u021bie minu\u021bioas\u0103 a secundelor de groaz\u0103 ale incendiului de la Clubul Colectiv \u0219i o radiografie a\u2026","rel":"","context":"\u00cen \u201eAgenda culturala\u201d","block_context":{"text":"Agenda culturala","link":"https:\/\/revistacultura.ro\/agenda\/category\/agenda-cultura\/"},"img":{"alt_text":"","src":"https:\/\/i0.wp.com\/revistacultura.ro\/agenda\/wp-content\/uploads\/2019\/10\/Afis-153-de-secunde.jpg?resize=350%2C200&ssl=1","width":350,"height":200,"srcset":"https:\/\/i0.wp.com\/revistacultura.ro\/agenda\/wp-content\/uploads\/2019\/10\/Afis-153-de-secunde.jpg?resize=350%2C200&ssl=1 1x, https:\/\/i0.wp.com\/revistacultura.ro\/agenda\/wp-content\/uploads\/2019\/10\/Afis-153-de-secunde.jpg?resize=525%2C300&ssl=1 1.5x, https:\/\/i0.wp.com\/revistacultura.ro\/agenda\/wp-content\/uploads\/2019\/10\/Afis-153-de-secunde.jpg?resize=700%2C400&ssl=1 2x, https:\/\/i0.wp.com\/revistacultura.ro\/agenda\/wp-content\/uploads\/2019\/10\/Afis-153-de-secunde.jpg?resize=1050%2C600&ssl=1 3x"},"classes":[]},{"id":18906,"url":"https:\/\/revistacultura.ro\/agenda\/2014\/05\/povesti-de-viata\/","url_meta":{"origin":18046,"position":2},"title":"Pove\u015fti de via\u0163\u0103","author":"Revista","date":"21 mai 2014","format":false,"excerpt":"Trei tinere actri\u0163e pasionate de meserie. \u00ce\u015fi doresc s\u0103 joace. Din c\u00e2nd \u00een c\u00e2nd, mai \u015fi reu\u015fesc. Meseria e grea. Iar via\u0163a \u015fi mai \u015fi. Trei profiluri umane diferite interpretate minimalist, lasciv sau... de-a dreptul vulcanic de trei actri\u0163e de toat\u0103 lauda: Ioana Flora, C\u0103t\u0103lina Musta\u0163\u0103 \u015fi Clara Aguillera Flores.\u2026","rel":"","context":"\u00cen \u201eRecomand\u0103ri\u201d","block_context":{"text":"Recomand\u0103ri","link":"https:\/\/revistacultura.ro\/agenda\/category\/recomandarile-cultura\/"},"img":{"alt_text":"teatrul-de-sufragerie","src":"https:\/\/i0.wp.com\/revistacultura.ro\/agenda\/wp-content\/uploads\/2014\/05\/teatrul-de-sufragerie-300x147.jpg?resize=350%2C200","width":350,"height":200},"classes":[]},{"id":21358,"url":"https:\/\/revistacultura.ro\/agenda\/2025\/09\/festivalul-apolodor-un-regal-al-ilustratiei-de-carte-romaneasca\/","url_meta":{"origin":18046,"position":3},"title":"Festivalul APOLODOR \u2013 un regal al ilustra\u021biei de carte rom\u00e2neasc\u0103","author":"Cultura","date":"3 septembrie 2025","format":false,"excerpt":"\u0218ase expozi\u021bii de ilustra\u021bie de carte veche sau contemporan\u0103, cu lucr\u0103ri publicate sau inedite; Crea\u021biile a zeci de arti\u0219ti plastici vor fi expuse la Boto\u0219ani \u0219i Ipote\u0219ti; La atelierele APOLODOR, copiii \u0219i tinerii vor \u00eenv\u0103\u021ba cum se creeaz\u0103 un personaj \u0219i cum se ilustreaz\u0103 o\u00a0 carte. Festivalul de Literatur\u0103 pentru\u2026","rel":"","context":"\u00cen \u201ecomunicate\u201d","block_context":{"text":"comunicate","link":"https:\/\/revistacultura.ro\/agenda\/category\/comunicate\/"},"img":{"alt_text":"","src":"https:\/\/i0.wp.com\/revistacultura.ro\/agenda\/wp-content\/uploads\/2025\/09\/afis_ilustratie.webp?resize=350%2C200&ssl=1","width":350,"height":200},"classes":[]},{"id":18040,"url":"https:\/\/revistacultura.ro\/agenda\/2014\/03\/realia-un-performance-de-farid-fairuzcndb\/","url_meta":{"origin":18046,"position":4},"title":"Realia, un performance de Farid Fairuz@CNDB","author":"Revista","date":"13 martie 2014","format":false,"excerpt":"Centrul Na\u0163ional al Dansului, Bucure\u015fti P\u00e2n\u0103 s\u0103 se reinventeze \u00een Farid Fairuz \u015fi s\u0103-\u015fi asume o biografie fic\u0163ional\u0103 pentru a interac\u0163iona din alt\u0103 perspectiv\u0103 cu spa\u0163iul public, artistul Mihai Mihalcea a avut un rol esen\u0163ial \u00een recunoa\u015fterea interna\u0163ional\u0103 a dansului contemporan rom\u00e2nesc. Acum a revenit pe scen\u0103 cu \u201eRealia (Bucure\u015fti-Beirut)\u201d,\u2026","rel":"","context":"\u00cen \u201eAgenda culturala\u201d","block_context":{"text":"Agenda culturala","link":"https:\/\/revistacultura.ro\/agenda\/category\/agenda-cultura\/"},"img":{"alt_text":"","src":"","width":0,"height":0},"classes":[]},{"id":19003,"url":"https:\/\/revistacultura.ro\/agenda\/2014\/05\/shalom-auslander-speranta-o-tragedie\/","url_meta":{"origin":18046,"position":5},"title":"Shalom Auslander, Speran\u0163a: o tragedie","author":"Revista","date":"30 mai 2014","format":false,"excerpt":"Speran\u0163a: o tragedie de Shalom Auslander (n. 1970) este prima apari\u0163ie din colec\u0163ia Globus coordonat\u0103 de luciat, autoarea blogului Terorism de cititoare, care \u00ee\u015fi face astfel un come back imprevizibil dup\u0103 c\u00e2\u0163iva ani de absen\u0163\u0103 din peisaj. Poanta romanului st\u0103 \u00een descoperirea pe care Solomon Kugel, nefericitul personaj central, o\u2026","rel":"","context":"\u00cen \u201eAparitii editoriale\u201d","block_context":{"text":"Aparitii editoriale","link":"https:\/\/revistacultura.ro\/agenda\/category\/aparitii-editoriale\/"},"img":{"alt_text":"","src":"","width":0,"height":0},"classes":[]}],"jetpack_featured_media_url":"","_links":{"self":[{"href":"https:\/\/revistacultura.ro\/agenda\/wp-json\/wp\/v2\/posts\/18046","targetHints":{"allow":["GET"]}}],"collection":[{"href":"https:\/\/revistacultura.ro\/agenda\/wp-json\/wp\/v2\/posts"}],"about":[{"href":"https:\/\/revistacultura.ro\/agenda\/wp-json\/wp\/v2\/types\/post"}],"author":[{"embeddable":true,"href":"https:\/\/revistacultura.ro\/agenda\/wp-json\/wp\/v2\/users\/2"}],"replies":[{"embeddable":true,"href":"https:\/\/revistacultura.ro\/agenda\/wp-json\/wp\/v2\/comments?post=18046"}],"version-history":[{"count":0,"href":"https:\/\/revistacultura.ro\/agenda\/wp-json\/wp\/v2\/posts\/18046\/revisions"}],"wp:attachment":[{"href":"https:\/\/revistacultura.ro\/agenda\/wp-json\/wp\/v2\/media?parent=18046"}],"wp:term":[{"taxonomy":"category","embeddable":true,"href":"https:\/\/revistacultura.ro\/agenda\/wp-json\/wp\/v2\/categories?post=18046"},{"taxonomy":"post_tag","embeddable":true,"href":"https:\/\/revistacultura.ro\/agenda\/wp-json\/wp\/v2\/tags?post=18046"}],"curies":[{"name":"wp","href":"https:\/\/api.w.org\/{rel}","templated":true}]}}