{"id":18038,"date":"2014-03-13T11:57:21","date_gmt":"2014-03-13T09:57:21","guid":{"rendered":"http:\/\/revistacultura.ro\/nou\/?p=18038"},"modified":"2014-03-13T11:57:21","modified_gmt":"2014-03-13T09:57:21","slug":"despre-razbunare-in-tara-oasului","status":"publish","type":"post","link":"https:\/\/revistacultura.ro\/agenda\/2014\/03\/despre-razbunare-in-tara-oasului\/","title":{"rendered":"Despre r\u0103zbunare \u00een \u0162ara Oa\u015fului"},"content":{"rendered":"<p>\u0162ara Oa\u015fului. Lumea tradi\u0163ional\u0103 \u015fi vendeta e titlul unei c\u0103r\u0163i extrem de interesante, de cur\u00e2nd ap\u0103rute la editura Limes din Cluj Napoca. Autorul e Nicoar\u0103 Mihali, c\u00e2teva texte ale lui pe aceast\u0103 tem\u0103 le-a\u0163i putut citi, \u00een avanpremier\u0103, \u00een revista Cultura. Cercetarea, bazat\u0103 pe m\u0103rturii orale, dar \u015fi pe documente vechi de arhiv\u0103, a fost \u00eenceput\u0103 \u00eenainte de anii \u201990, c\u00e2nd un asemnea subiect nu ar fi putut vedea lumina tiparului. Este pentru prima dat\u0103 c\u00e2nd subiectul face obiectul unei cecet\u0103ri antropologice, care impresioneaz\u0103 prin subtilitatea analizei.<\/p>\n","protected":false},"excerpt":{"rendered":"<p>\u0162ara Oa\u015fului. Lumea tradi\u0163ional\u0103 \u015fi vendeta e titlul unei c\u0103r\u0163i extrem de interesante, de cur\u00e2nd ap\u0103rute la editura Limes din Cluj Napoca. Autorul e Nicoar\u0103 Mihali, c\u00e2teva texte ale lui pe aceast\u0103 tem\u0103 le-a\u0163i putut citi, \u00een avanpremier\u0103, \u00een revista Cultura. Cercetarea, bazat\u0103 pe m\u0103rturii orale, dar \u015fi pe documente vechi de arhiv\u0103, a fost&hellip;&nbsp;<a href=\"https:\/\/revistacultura.ro\/agenda\/2014\/03\/despre-razbunare-in-tara-oasului\/\" rel=\"bookmark\">Cite\u0219te mai mult &raquo;<span class=\"screen-reader-text\">Despre r\u0103zbunare \u00een \u0162ara Oa\u015fului<\/span><\/a><\/p>\n","protected":false},"author":2,"featured_media":0,"comment_status":"open","ping_status":"open","sticky":false,"template":"","format":"standard","meta":{"neve_meta_sidebar":"","neve_meta_container":"","neve_meta_enable_content_width":"","neve_meta_content_width":0,"neve_meta_title_alignment":"","neve_meta_author_avatar":"","neve_post_elements_order":"","neve_meta_disable_header":"","neve_meta_disable_footer":"","neve_meta_disable_title":"","_jetpack_newsletter_access":"","_jetpack_dont_email_post_to_subs":false,"_jetpack_newsletter_tier_id":0,"_jetpack_memberships_contains_paywalled_content":false,"_jetpack_feature_clip_id":0,"_jetpack_memberships_contains_paid_content":false,"footnotes":"","jetpack_publicize_message":"","jetpack_publicize_feature_enabled":true,"jetpack_social_post_already_shared":true,"jetpack_social_options":{"image_generator_settings":{"template":"highway","default_image_id":0,"font":"","enabled":false},"version":2},"jetpack_post_was_ever_published":false},"categories":[152],"tags":[173,174],"class_list":["post-18038","post","type-post","status-publish","format-standard","hentry","category-agenda-cultura","tag-despre-razbunare-in-tara-oasului","tag-nicoara-mihali"],"jetpack_publicize_connections":[],"jetpack_sharing_enabled":true,"jetpack-related-posts":[{"id":20084,"url":"https:\/\/revistacultura.ro\/agenda\/2019\/05\/billy-schiopul-comedie-neagra-despre-dragoste-si-cruzime\/","url_meta":{"origin":18038,"position":0},"title":"Billy \u0219chiopul \u2013 comedie neagr\u0103 despre dragoste \u0219i cruzime","author":"Revista Cultura","date":"29 mai 2019","format":false,"excerpt":"Billy \u0219chiopul, \u00een original \u201eThe Cripple of Inishmaan\u201d, are avanpremiera vineri, 31 mai, iar s\u00e2mb\u0103t\u0103, 1 iunie, \u0219i duminic\u0103, 2 iunie, premierele. Spectacolele se desf\u0103\u0219oar\u0103 la Teatrul de Stat Constan\u021ba, de la ora 19:00. Billy \u0219chiopul este o comedie neagr\u0103 despre dragoste, agresivitate, supravie\u021buire,\u00a0 indiferen\u021b\u0103 \u0219i cruzime \u00eentr-o societate lipsit\u0103\u2026","rel":"","context":"\u00cen \u201eAgenda culturala\u201d","block_context":{"text":"Agenda culturala","link":"https:\/\/revistacultura.ro\/agenda\/category\/agenda-cultura\/"},"img":{"alt_text":"","src":"https:\/\/i0.wp.com\/revistacultura.ro\/agenda\/wp-content\/uploads\/2019\/05\/avanpremiera.-Poster-Teatrul-Constanta-10.jpg?resize=350%2C200&ssl=1","width":350,"height":200,"srcset":"https:\/\/i0.wp.com\/revistacultura.ro\/agenda\/wp-content\/uploads\/2019\/05\/avanpremiera.-Poster-Teatrul-Constanta-10.jpg?resize=350%2C200&ssl=1 1x, https:\/\/i0.wp.com\/revistacultura.ro\/agenda\/wp-content\/uploads\/2019\/05\/avanpremiera.-Poster-Teatrul-Constanta-10.jpg?resize=525%2C300&ssl=1 1.5x"},"classes":[]},{"id":19649,"url":"https:\/\/revistacultura.ro\/agenda\/2015\/01\/magda-stief-in-vizita-batranei-doamne\/","url_meta":{"origin":18038,"position":1},"title":"Magda Stief \u00een Vizita b\u0103tr\u00e2nei doamne","author":"Revista","date":"15 ianuarie 2015","format":false,"excerpt":"\u00a0 Teatrul Maghiar de Stat Cluj a inaugurat 2015 cu premiera spectacolului Vizita b\u0103tr\u00e2nei doamne de Freidrich Durrenmatt \u00een regia lui Tompa G\u00e1bor. Decorul este semnat de Helmut St\u00fcrmer, costumele de Carmencita Brojboiu, muzica \u00eei apar\u0163ine lui Vasile \u015eirli, iar dramaturgia este a lui Andr\u00e1s Visky. Rolul principal, Claire Zachanassian,\u2026","rel":"","context":"\u00cen \u201eRecomand\u0103ri\u201d","block_context":{"text":"Recomand\u0103ri","link":"https:\/\/revistacultura.ro\/agenda\/category\/recomandarile-cultura\/"},"img":{"alt_text":"","src":"https:\/\/i0.wp.com\/revistacultura.ro\/agenda\/wp-content\/uploads\/2015\/01\/Untitled-12.jpg?resize=350%2C200&ssl=1","width":350,"height":200},"classes":[]},{"id":19529,"url":"https:\/\/revistacultura.ro\/agenda\/2014\/11\/harry-potter-s-a-facut-mare\/","url_meta":{"origin":18038,"position":2},"title":"Harry Potter s-a f\u0103cut mare&#8230;","author":"Revista","date":"13 noiembrie 2014","format":false,"excerpt":"\u00a0 \u00a0 ... sigur c\u0103 a\u0163i \u00een\u0163eles c\u0103 e vorba despre actorul Daniel Radcliffe care l-a interpretat pe carismaticul vr\u0103jitor \u00een formare. Dup\u0103 o postadolescen\u0163\u0103 cu n\u0103b\u0103d\u0103i, t\u00e2n\u0103rul actor britanic vrea s\u0103 demonstreze c\u0103 scenariul unei comedii am\u0103rui, cu deschidere spre roman\u0163iozitatea cu \u015ftaif british, sor\u0103 bun\u0103 cu drama, e\u2026","rel":"","context":"\u00cen \u201eFilme noi\u201d","block_context":{"text":"Filme noi","link":"https:\/\/revistacultura.ro\/agenda\/category\/filme-noi\/"},"img":{"alt_text":"","src":"https:\/\/i0.wp.com\/revistacultura.ro\/agenda\/wp-content\/uploads\/2014\/11\/Untitled-13.jpg?resize=350%2C200&ssl=1","width":350,"height":200},"classes":[]},{"id":21745,"url":"https:\/\/revistacultura.ro\/agenda\/2026\/03\/excelsior-knockout-un-spectacol-despre-curajul-femeilor-intr-o-lume-a-barbatilor\/","url_meta":{"origin":18038,"position":3},"title":"Excelsior. Knockout. Un spectacol despre curajul femeilor \u00eentr-o lume a b\u0103rba\u021bilor","author":"Cultura","date":"12 martie 2026","format":false,"excerpt":"Teatrul Excelsior anun\u021b\u0103 revenirea spectacolului \u201eKnockout. Dulcea \u0219tiin\u021b\u0103 de a face v\u00e2n\u0103t\u0103i\u201d pe scen\u0103, \u00een regizorul S\u00e2nzianei Stoican. Spectacolul, care a avut premiera pe \u021bar\u0103 \u00een 2022, va fi prezentat pe 14 \u0219i 15 martie \u0219i 22 aprilie 2026. Spectacolul \u201eKNOCKOUT. Dulcea \u0219tiin\u021b\u0103 de a face v\u00e2n\u0103t\u0103i\u201d de Joy Wilkinson\u2026","rel":"","context":"\u00cen \u201eAgenda culturala\u201d","block_context":{"text":"Agenda culturala","link":"https:\/\/revistacultura.ro\/agenda\/category\/agenda-cultura\/"},"img":{"alt_text":"","src":"https:\/\/i0.wp.com\/revistacultura.ro\/agenda\/wp-content\/uploads\/2026\/03\/KNOCKOUT_excelsior.webp?resize=350%2C200&ssl=1","width":350,"height":200,"srcset":"https:\/\/i0.wp.com\/revistacultura.ro\/agenda\/wp-content\/uploads\/2026\/03\/KNOCKOUT_excelsior.webp?resize=350%2C200&ssl=1 1x, https:\/\/i0.wp.com\/revistacultura.ro\/agenda\/wp-content\/uploads\/2026\/03\/KNOCKOUT_excelsior.webp?resize=525%2C300&ssl=1 1.5x, https:\/\/i0.wp.com\/revistacultura.ro\/agenda\/wp-content\/uploads\/2026\/03\/KNOCKOUT_excelsior.webp?resize=700%2C400&ssl=1 2x"},"classes":[]},{"id":19372,"url":"https:\/\/revistacultura.ro\/agenda\/2014\/08\/originea-tarilor-romane-in-scrierile-strainilor\/","url_meta":{"origin":18038,"position":4},"title":"Originea \u0162\u00e3rilor Rom\u00e2ne \u00een scrierile str\u00e3inilor","author":"Revista","date":"13 august 2014","format":false,"excerpt":"Din multitudinea de c\u0103l\u0103tori care au ajuns prin p\u0103r\u0163ile noastre unii dintre ei au \u015fi scris despre aceste locuri. Au scris despre bog\u0103\u0163ia p\u0103m\u00e2ntului, despre moravurile oamenilor; au sus\u0163inut teza romanit\u0103\u0163ii rom\u00e2nilor \u015fi au vorbit \u015fi despre \u00eentemeierea statelor medievale. Unii au descris clima, au descris unele evenimente importante din\u2026","rel":"","context":"\u00cen \u201eAgenda culturala\u201d","block_context":{"text":"Agenda culturala","link":"https:\/\/revistacultura.ro\/agenda\/category\/agenda-cultura\/"},"img":{"alt_text":"","src":"","width":0,"height":0},"classes":[]},{"id":20145,"url":"https:\/\/revistacultura.ro\/agenda\/2019\/09\/stagiunea-de-toamna-la-tnb\/","url_meta":{"origin":18038,"position":5},"title":"Stagiunea de toamn\u0103 la TNB","author":"Revista","date":"27 septembrie 2019","format":false,"excerpt":"Prima premier\u0103 a Teatrului Na\u021bional \u201eI.L. Caragiale\u201d din Bucure\u0219ti \u00een stagiunea 2019-2020 a fost cu piesa \u201eNegu\u021b\u0103torul din Vene\u021bia\u201d, dup\u0103 William Shakespeare, regia Alexander Morfov. Cu alte trei mont\u0103ri la TNB (\"Vizita b\u0103tr\u00e2nei doamne\", \"Furtuna\" \u0219i \"No Man\u2019s Land\"), regizorul bulgar a revenit la Bucure\u0219ti pentru a monta o comedie\u2026","rel":"","context":"\u00cen \u201eRecomand\u0103ri\u201d","block_context":{"text":"Recomand\u0103ri","link":"https:\/\/revistacultura.ro\/agenda\/category\/recomandarile-cultura\/"},"img":{"alt_text":"","src":"https:\/\/i0.wp.com\/revistacultura.ro\/agenda\/wp-content\/uploads\/2019\/10\/Bucuresti_Romania.jpg?resize=350%2C200&ssl=1","width":350,"height":200,"srcset":"https:\/\/i0.wp.com\/revistacultura.ro\/agenda\/wp-content\/uploads\/2019\/10\/Bucuresti_Romania.jpg?resize=350%2C200&ssl=1 1x, https:\/\/i0.wp.com\/revistacultura.ro\/agenda\/wp-content\/uploads\/2019\/10\/Bucuresti_Romania.jpg?resize=525%2C300&ssl=1 1.5x"},"classes":[]}],"jetpack_featured_media_url":"","_links":{"self":[{"href":"https:\/\/revistacultura.ro\/agenda\/wp-json\/wp\/v2\/posts\/18038","targetHints":{"allow":["GET"]}}],"collection":[{"href":"https:\/\/revistacultura.ro\/agenda\/wp-json\/wp\/v2\/posts"}],"about":[{"href":"https:\/\/revistacultura.ro\/agenda\/wp-json\/wp\/v2\/types\/post"}],"author":[{"embeddable":true,"href":"https:\/\/revistacultura.ro\/agenda\/wp-json\/wp\/v2\/users\/2"}],"replies":[{"embeddable":true,"href":"https:\/\/revistacultura.ro\/agenda\/wp-json\/wp\/v2\/comments?post=18038"}],"version-history":[{"count":0,"href":"https:\/\/revistacultura.ro\/agenda\/wp-json\/wp\/v2\/posts\/18038\/revisions"}],"wp:attachment":[{"href":"https:\/\/revistacultura.ro\/agenda\/wp-json\/wp\/v2\/media?parent=18038"}],"wp:term":[{"taxonomy":"category","embeddable":true,"href":"https:\/\/revistacultura.ro\/agenda\/wp-json\/wp\/v2\/categories?post=18038"},{"taxonomy":"post_tag","embeddable":true,"href":"https:\/\/revistacultura.ro\/agenda\/wp-json\/wp\/v2\/tags?post=18038"}],"curies":[{"name":"wp","href":"https:\/\/api.w.org\/{rel}","templated":true}]}}