{"id":18036,"date":"2014-03-13T11:55:22","date_gmt":"2014-03-13T09:55:22","guid":{"rendered":"http:\/\/revistacultura.ro\/nou\/?p=18036"},"modified":"2014-03-13T11:55:22","modified_gmt":"2014-03-13T09:55:22","slug":"jurnalul-unor-nebuni","status":"publish","type":"post","link":"https:\/\/revistacultura.ro\/agenda\/2014\/03\/jurnalul-unor-nebuni\/","title":{"rendered":"Jurnalul unor nebuni"},"content":{"rendered":"<p>La Teatrul Tineretului din Piatra Neam\u0163, regizoarea Louise D\u0103nceanu creeaz\u0103, folosindu-se de texte ale lui Cehov \u015fi Gogol, un spectacol despre nebunia care ne invadeaz\u0103 cotidianul, purt\u00e2nd chipul banalit\u0103\u0163ii. Succesul perceput exclusiv ca expunere mediatic\u0103, f\u0103r\u0103 vreo valoare \u00een sine, consumul inflamat de false nevoi, sunt noduri maladive \u00een plasa realit\u00e3\u0162ii actuale, dar care existau \u00een germene \u00een secolul al XIX-lea, dup\u0103 cum o dovedesc scrierile lui Cehov. Peste toate acestea se suprapune r\u0103ul social, \u00een\u0163eles ca alterare a rela\u0163iilor umane, care cronicizeaz\u0103 crizele interioare p\u00e2n\u0103 la delir.<\/p>\n","protected":false},"excerpt":{"rendered":"<p>La Teatrul Tineretului din Piatra Neam\u0163, regizoarea Louise D\u0103nceanu creeaz\u0103, folosindu-se de texte ale lui Cehov \u015fi Gogol, un spectacol despre nebunia care ne invadeaz\u0103 cotidianul, purt\u00e2nd chipul banalit\u0103\u0163ii. Succesul perceput exclusiv ca expunere mediatic\u0103, f\u0103r\u0103 vreo valoare \u00een sine, consumul inflamat de false nevoi, sunt noduri maladive \u00een plasa realit\u00e3\u0162ii actuale, dar care existau&hellip;&nbsp;<a href=\"https:\/\/revistacultura.ro\/agenda\/2014\/03\/jurnalul-unor-nebuni\/\" rel=\"bookmark\">Cite\u0219te mai mult &raquo;<span class=\"screen-reader-text\">Jurnalul unor nebuni<\/span><\/a><\/p>\n","protected":false},"author":2,"featured_media":0,"comment_status":"open","ping_status":"open","sticky":false,"template":"","format":"standard","meta":{"neve_meta_sidebar":"","neve_meta_container":"","neve_meta_enable_content_width":"","neve_meta_content_width":0,"neve_meta_title_alignment":"","neve_meta_author_avatar":"","neve_post_elements_order":"","neve_meta_disable_header":"","neve_meta_disable_footer":"","neve_meta_disable_title":"","_jetpack_newsletter_access":"","_jetpack_dont_email_post_to_subs":false,"_jetpack_newsletter_tier_id":0,"_jetpack_memberships_contains_paywalled_content":false,"_jetpack_feature_clip_id":0,"_jetpack_memberships_contains_paid_content":false,"footnotes":"","jetpack_publicize_message":"","jetpack_publicize_feature_enabled":true,"jetpack_social_post_already_shared":true,"jetpack_social_options":{"image_generator_settings":{"template":"highway","default_image_id":0,"font":"","enabled":false},"version":2},"jetpack_post_was_ever_published":false},"categories":[152],"tags":[172],"class_list":["post-18036","post","type-post","status-publish","format-standard","hentry","category-agenda-cultura","tag-teatrul-tineretului-din-piatra-neamt"],"jetpack_publicize_connections":[],"jetpack_sharing_enabled":true,"jetpack-related-posts":[{"id":21904,"url":"https:\/\/revistacultura.ro\/agenda\/2026\/05\/unteatru-sediu-nou-proiecte-noi\/","url_meta":{"origin":18036,"position":0},"title":"unteatru: sediu nou, proiecte noi","author":"Cultura","date":"8 mai 2026","format":false,"excerpt":"Luna mai aduce pentru unteatru premiere, un nou spa\u021biu \u0219i, mai ales, \u00eent\u00e2lnirea cu publicul \u00een propriul loc. Dup\u0103 o perioad\u0103 \u00eendelungat\u0103 \u00een care spectacolele au fost g\u0103zduite de Teatrul de Anima\u021bie \u021a\u0103nd\u0103ric\u0103, unteatru marcheaz\u0103 un moment esen\u021bial \u00een parcursul s\u0103u: revenirea \u201eacas\u0103\u201d. Noul sediu, situat pe Strada Secerei nr.\u2026","rel":"","context":"\u00cen \u201eRecomand\u0103ri\u201d","block_context":{"text":"Recomand\u0103ri","link":"https:\/\/revistacultura.ro\/agenda\/category\/recomandarile-cultura\/"},"img":{"alt_text":"","src":"https:\/\/i0.wp.com\/revistacultura.ro\/agenda\/wp-content\/uploads\/2026\/05\/Antigona_unteatru.webp?resize=350%2C200&ssl=1","width":350,"height":200,"srcset":"https:\/\/i0.wp.com\/revistacultura.ro\/agenda\/wp-content\/uploads\/2026\/05\/Antigona_unteatru.webp?resize=350%2C200&ssl=1 1x, https:\/\/i0.wp.com\/revistacultura.ro\/agenda\/wp-content\/uploads\/2026\/05\/Antigona_unteatru.webp?resize=525%2C300&ssl=1 1.5x, https:\/\/i0.wp.com\/revistacultura.ro\/agenda\/wp-content\/uploads\/2026\/05\/Antigona_unteatru.webp?resize=700%2C400&ssl=1 2x"},"classes":[]},{"id":20846,"url":"https:\/\/revistacultura.ro\/agenda\/2022\/07\/sala-2-tntm-un-proiect-pentru-spectatorul-de-teatru-din-secolul-xxi\/","url_meta":{"origin":18036,"position":1},"title":"Sala 2 TNTm &#8211; un proiect pentru spectatorul de teatru din secolul XXI","author":"Cultura","date":"4 iulie 2022","format":false,"excerpt":"Teatrul Na\u021bional din Timi\u0219oara deschide drumuri. Face parte din istoria lui, din destinul lui. A\u0219a cum Rom\u00e2nia modern\u0103 va trebui s\u0103 \u00ee\u0219i asume momentul \u00een care actorii Na\u021bionalului au oprit spectacolul de pe scen\u0103 \u0219i le-au deschis revolu\u021bionarilor str\u00e2n\u0219i \u00een Pia\u021ba Victoriei, \u00een 16 decembrie 1989, por\u021bile Teatrului \u00een numele\u2026","rel":"","context":"\u00cen \u201ecomunicate\u201d","block_context":{"text":"comunicate","link":"https:\/\/revistacultura.ro\/agenda\/category\/comunicate\/"},"img":{"alt_text":"","src":"https:\/\/i0.wp.com\/revistacultura.ro\/agenda\/wp-content\/uploads\/2022\/07\/sala2tntm.jpg?resize=350%2C200&ssl=1","width":350,"height":200,"srcset":"https:\/\/i0.wp.com\/revistacultura.ro\/agenda\/wp-content\/uploads\/2022\/07\/sala2tntm.jpg?resize=350%2C200&ssl=1 1x, https:\/\/i0.wp.com\/revistacultura.ro\/agenda\/wp-content\/uploads\/2022\/07\/sala2tntm.jpg?resize=525%2C300&ssl=1 1.5x, https:\/\/i0.wp.com\/revistacultura.ro\/agenda\/wp-content\/uploads\/2022\/07\/sala2tntm.jpg?resize=700%2C400&ssl=1 2x"},"classes":[]},{"id":21094,"url":"https:\/\/revistacultura.ro\/agenda\/2024\/03\/premiera-cu-adrenalina-la-teatrul-excelsior\/","url_meta":{"origin":18036,"position":2},"title":"Premier\u0103 cu Adrenalin\u0103 la Teatrul Excelsior","author":"Cultura","date":"6 martie 2024","format":false,"excerpt":"\u00a0-\u00a0 ADRENALIN\u0102 - un spectacol ce exploreaz\u0103 tema adic\u021biei contemporane \u00een diferite forme \u0219i cultura pop recent\u0103 \u2013 PREMIER\u0102 PE \u021aAR\u0102 la Teatrul EXCELSIOR din Bucure\u0219ti Teatrul EXCELSIOR - singurul teatru din Bucure\u0219ti dedicat adolescen\u021bilor \u0219i tinerilor adul\u021bi \u2013 anun\u021b\u0103 premiera spectacolului ADRENALIN\u0102 de Gabriel Sandu \u2013 o produc\u021bie ce\u2026","rel":"","context":"\u00cen \u201eSemnal\u201d","block_context":{"text":"Semnal","link":"https:\/\/revistacultura.ro\/agenda\/category\/semnal\/"},"img":{"alt_text":"","src":"https:\/\/i0.wp.com\/revistacultura.ro\/agenda\/wp-content\/uploads\/2024\/03\/ADRENALINA-la-Teatrul-EXCELSIOR.webp?resize=350%2C200&ssl=1","width":350,"height":200,"srcset":"https:\/\/i0.wp.com\/revistacultura.ro\/agenda\/wp-content\/uploads\/2024\/03\/ADRENALINA-la-Teatrul-EXCELSIOR.webp?resize=350%2C200&ssl=1 1x, https:\/\/i0.wp.com\/revistacultura.ro\/agenda\/wp-content\/uploads\/2024\/03\/ADRENALINA-la-Teatrul-EXCELSIOR.webp?resize=525%2C300&ssl=1 1.5x, https:\/\/i0.wp.com\/revistacultura.ro\/agenda\/wp-content\/uploads\/2024\/03\/ADRENALINA-la-Teatrul-EXCELSIOR.webp?resize=700%2C400&ssl=1 2x"},"classes":[]},{"id":21876,"url":"https:\/\/revistacultura.ro\/agenda\/2026\/04\/dolj-festivalul-de-poezie-si-dramaturgie-patrel-berceanu\/","url_meta":{"origin":18036,"position":3},"title":"Dolj: Festivalul de Poezie \u0219i Dramaturgie \u201ePatrel Berceanu\u201d","author":"Cultura","date":"30 aprilie 2026","format":false,"excerpt":"5-8 mai 2026 Edi\u021bia a VII-a Craiova-B\u0103ile\u0219ti Cea de-a VII-a edi\u021bie a Festivalului de Poezie \u0219i Dramaturgie \u201ePatrel Berceanu\u201d va avea loc \u00een 5, respectiv 8 mai 2026, \u00een Craiova \u0219i B\u0103ile\u0219ti, ora\u0219ul de ba\u0219tin\u0103 al scriitorului. Organizatorii acestei edi\u021bii \u2013 Filiala Craiova a Uniunii Scriitorilor din Rom\u00e2nia, respectiv Consiliul\u2026","rel":"","context":"\u00cen \u201ecomunicate\u201d","block_context":{"text":"comunicate","link":"https:\/\/revistacultura.ro\/agenda\/category\/comunicate\/"},"img":{"alt_text":"","src":"https:\/\/i0.wp.com\/revistacultura.ro\/agenda\/wp-content\/uploads\/2026\/04\/afis_bailesti.webp?resize=350%2C200&ssl=1","width":350,"height":200,"srcset":"https:\/\/i0.wp.com\/revistacultura.ro\/agenda\/wp-content\/uploads\/2026\/04\/afis_bailesti.webp?resize=350%2C200&ssl=1 1x, https:\/\/i0.wp.com\/revistacultura.ro\/agenda\/wp-content\/uploads\/2026\/04\/afis_bailesti.webp?resize=525%2C300&ssl=1 1.5x, https:\/\/i0.wp.com\/revistacultura.ro\/agenda\/wp-content\/uploads\/2026\/04\/afis_bailesti.webp?resize=700%2C400&ssl=1 2x"},"classes":[]},{"id":21183,"url":"https:\/\/revistacultura.ro\/agenda\/2025\/01\/sapte-minute-dupa-miezul-noptii-spectacol-imersiv-pentru-adolescenti-la-teatrul-excelsior\/","url_meta":{"origin":18036,"position":4},"title":"\u0218apte minute dup\u0103 miezul nop\u021bii &#8211; spectacol imersiv pentru adolescen\u021bi la Teatrul Excelsior","author":"Cultura","date":"12 ianuarie 2025","format":false,"excerpt":"Bobi Pricop se \u00eentoarce la Teatrul Excelsior din Bucure\u0219ti cu un spectacol imersiv dedicat adolescen\u021bilor - \u0218apte minute dup\u0103 miezul nop\u021bii (A Monster Calls) Teatrul EXCELSIOR, singurul teatru din Bucure\u0219ti dedicat adolescen\u021bilor \u0219i tinerilor adul\u021bi, \u00eencepe anul 2025 \u00een for\u021b\u0103, cu premiera spectacolului \u201e\u0218apte minute dup\u0103 miezul nop\u021bii (A Monster\u2026","rel":"","context":"\u00cen \u201ecomunicate\u201d","block_context":{"text":"comunicate","link":"https:\/\/revistacultura.ro\/agenda\/category\/comunicate\/"},"img":{"alt_text":"","src":"https:\/\/i0.wp.com\/revistacultura.ro\/agenda\/wp-content\/uploads\/2025\/01\/Sapte-minute.jpg?resize=350%2C200&ssl=1","width":350,"height":200,"srcset":"https:\/\/i0.wp.com\/revistacultura.ro\/agenda\/wp-content\/uploads\/2025\/01\/Sapte-minute.jpg?resize=350%2C200&ssl=1 1x, https:\/\/i0.wp.com\/revistacultura.ro\/agenda\/wp-content\/uploads\/2025\/01\/Sapte-minute.jpg?resize=525%2C300&ssl=1 1.5x, https:\/\/i0.wp.com\/revistacultura.ro\/agenda\/wp-content\/uploads\/2025\/01\/Sapte-minute.jpg?resize=700%2C400&ssl=1 2x"},"classes":[]},{"id":20942,"url":"https:\/\/revistacultura.ro\/agenda\/2022\/12\/premiera-atmosfera-la-teatrul-mihai-eminescu-din-timisoara\/","url_meta":{"origin":18036,"position":5},"title":"Premier\u0103 aTMosfera la Teatrul \u201eMihai Eminescu\u201d din Timi\u0219oara","author":"Cultura","date":"9 decembrie 2022","format":false,"excerpt":"Premier\u0103: duminic\u0103, 18 decembrie, de la ora 19, \u00een Sala 2 a Teatrului Na\u021bional \u201eMihai Eminescu\u201d din Timi\u0219oara Spectacolul trilingv duce mai departe experien\u021ba \u00eenceput\u0103 \u00een luna octombrie cu proiectul \u201eBanat in Europe\u201d, proiect care propune o c\u0103l\u0103torie teatral\u0103 \u00een ceea ce \u00eenseamn\u0103 ast\u0103zi regiunea Banatului, \u00een universalitatea sa metaforic\u0103\u2026","rel":"","context":"\u00cen \u201eAgenda culturala\u201d","block_context":{"text":"Agenda culturala","link":"https:\/\/revistacultura.ro\/agenda\/category\/agenda-cultura\/"},"img":{"alt_text":"","src":"https:\/\/i0.wp.com\/revistacultura.ro\/agenda\/wp-content\/uploads\/2022\/12\/Sala2timisoara-teatru.webp?resize=350%2C200&ssl=1","width":350,"height":200,"srcset":"https:\/\/i0.wp.com\/revistacultura.ro\/agenda\/wp-content\/uploads\/2022\/12\/Sala2timisoara-teatru.webp?resize=350%2C200&ssl=1 1x, https:\/\/i0.wp.com\/revistacultura.ro\/agenda\/wp-content\/uploads\/2022\/12\/Sala2timisoara-teatru.webp?resize=525%2C300&ssl=1 1.5x, https:\/\/i0.wp.com\/revistacultura.ro\/agenda\/wp-content\/uploads\/2022\/12\/Sala2timisoara-teatru.webp?resize=700%2C400&ssl=1 2x"},"classes":[]}],"jetpack_featured_media_url":"","_links":{"self":[{"href":"https:\/\/revistacultura.ro\/agenda\/wp-json\/wp\/v2\/posts\/18036","targetHints":{"allow":["GET"]}}],"collection":[{"href":"https:\/\/revistacultura.ro\/agenda\/wp-json\/wp\/v2\/posts"}],"about":[{"href":"https:\/\/revistacultura.ro\/agenda\/wp-json\/wp\/v2\/types\/post"}],"author":[{"embeddable":true,"href":"https:\/\/revistacultura.ro\/agenda\/wp-json\/wp\/v2\/users\/2"}],"replies":[{"embeddable":true,"href":"https:\/\/revistacultura.ro\/agenda\/wp-json\/wp\/v2\/comments?post=18036"}],"version-history":[{"count":0,"href":"https:\/\/revistacultura.ro\/agenda\/wp-json\/wp\/v2\/posts\/18036\/revisions"}],"wp:attachment":[{"href":"https:\/\/revistacultura.ro\/agenda\/wp-json\/wp\/v2\/media?parent=18036"}],"wp:term":[{"taxonomy":"category","embeddable":true,"href":"https:\/\/revistacultura.ro\/agenda\/wp-json\/wp\/v2\/categories?post=18036"},{"taxonomy":"post_tag","embeddable":true,"href":"https:\/\/revistacultura.ro\/agenda\/wp-json\/wp\/v2\/tags?post=18036"}],"curies":[{"name":"wp","href":"https:\/\/api.w.org\/{rel}","templated":true}]}}