{"id":18032,"date":"2014-03-13T11:52:33","date_gmt":"2014-03-13T09:52:33","guid":{"rendered":"http:\/\/revistacultura.ro\/nou\/?p=18032"},"modified":"2014-03-13T11:52:33","modified_gmt":"2014-03-13T09:52:33","slug":"splendoare-fanariota-la-mnar","status":"publish","type":"post","link":"https:\/\/revistacultura.ro\/agenda\/2014\/03\/splendoare-fanariota-la-mnar\/","title":{"rendered":"Splendoare fanariot\u0103 la MNAR"},"content":{"rendered":"<p>P\u00e2n\u0103 pe\u00a0 27 aprilie, la Muzeul Na\u0163ional de Art\u0103 al Rom\u00e2niei, Rotonda s\u0103lii Auditorium, e deschis\u0103 expozi\u0163ia \u201ePodoabe din trecut: Paftale \u015fi bijuterii din colec\u0163iile MNAR\u201c<br \/>\nExpozi\u0163ia prezint\u0103 aproximativ 80 de piese de patrimoniu din secolele XVIII \u2013 XIX. Acestea provin din ateliere grece\u015fti, bulg\u0103re\u015fti, cipriote, turce\u015fti \u015fi rom\u00e2ne\u015fti. Paftalele sunt decorate cu sidef, perle, coral, sticl\u0103 de diferite culori, pietre pre\u0163ioase \u00een monturi aplicate sau sunt lucrate \u00een tehnica emailului policrom. O bucurie rar\u0103 pentru ochiul vizitatorului!<\/p>\n","protected":false},"excerpt":{"rendered":"<p>P\u00e2n\u0103 pe\u00a0 27 aprilie, la Muzeul Na\u0163ional de Art\u0103 al Rom\u00e2niei, Rotonda s\u0103lii Auditorium, e deschis\u0103 expozi\u0163ia \u201ePodoabe din trecut: Paftale \u015fi bijuterii din colec\u0163iile MNAR\u201c Expozi\u0163ia prezint\u0103 aproximativ 80 de piese de patrimoniu din secolele XVIII \u2013 XIX. Acestea provin din ateliere grece\u015fti, bulg\u0103re\u015fti, cipriote, turce\u015fti \u015fi rom\u00e2ne\u015fti. Paftalele sunt decorate cu sidef, perle,&hellip;&nbsp;<a href=\"https:\/\/revistacultura.ro\/agenda\/2014\/03\/splendoare-fanariota-la-mnar\/\" rel=\"bookmark\">Cite\u0219te mai mult &raquo;<span class=\"screen-reader-text\">Splendoare fanariot\u0103 la MNAR<\/span><\/a><\/p>\n","protected":false},"author":2,"featured_media":0,"comment_status":"open","ping_status":"open","sticky":false,"template":"","format":"standard","meta":{"neve_meta_sidebar":"","neve_meta_container":"","neve_meta_enable_content_width":"","neve_meta_content_width":0,"neve_meta_title_alignment":"","neve_meta_author_avatar":"","neve_post_elements_order":"","neve_meta_disable_header":"","neve_meta_disable_footer":"","neve_meta_disable_title":"","_jetpack_newsletter_access":"","_jetpack_dont_email_post_to_subs":false,"_jetpack_newsletter_tier_id":0,"_jetpack_memberships_contains_paywalled_content":false,"_jetpack_feature_clip_id":0,"_jetpack_memberships_contains_paid_content":false,"footnotes":"","jetpack_publicize_message":"","jetpack_publicize_feature_enabled":true,"jetpack_social_post_already_shared":true,"jetpack_social_options":{"image_generator_settings":{"template":"highway","default_image_id":0,"font":"","enabled":false},"version":2},"jetpack_post_was_ever_published":false},"categories":[152],"tags":[169],"class_list":["post-18032","post","type-post","status-publish","format-standard","hentry","category-agenda-cultura","tag-expoziia-podoabe-din-trecut"],"jetpack_publicize_connections":[],"jetpack_sharing_enabled":true,"jetpack-related-posts":[{"id":19656,"url":"https:\/\/revistacultura.ro\/agenda\/2015\/01\/despre-educatie-in-perioada-iluminista\/","url_meta":{"origin":18032,"position":0},"title":"Despre educa\u0163ie \u00een perioada iluminist\u0103","author":"Revista","date":"21 ianuarie 2015","format":false,"excerpt":"Muzeul Na\u0163ional de Art\u0103 al Rom\u00e2niei v\u0103 invit\u0103 la expozi\u0163ia Modele de comportament \u00een secolul al XVIII-lea, deschis\u0103 \u00een corpul \u015etirbei al MNAR. Expozi\u0163ia cuprinde o sut\u0103 cincizeci \u015fi \u015fapte de lucr\u0103ri din patrimoniul Muzeului Na\u0163ional de Art\u0103 al Rom\u00e2niei, expuse pentru prima dat\u0103 \u015fi valorificate dintr-o perspectiv\u0103 interdisciplinar\u0103, definitorie\u2026","rel":"","context":"\u00cen \u201eModele de comportament \u00een secolul al XVIII-lea\u201d","block_context":{"text":"Modele de comportament \u00een secolul al XVIII-lea","link":"https:\/\/revistacultura.ro\/agenda\/tag\/modele-de-comportament-in-secolul-al-xviii-lea\/"},"img":{"alt_text":"","src":"https:\/\/i0.wp.com\/revistacultura.ro\/agenda\/wp-content\/uploads\/2015\/01\/Untitled-14.jpg?resize=350%2C200&ssl=1","width":350,"height":200},"classes":[]},{"id":22066,"url":"https:\/\/revistacultura.ro\/agenda\/2026\/06\/mnar-si-bt-invita-publicul-la-doua-expozitii-eveniment\/","url_meta":{"origin":18032,"position":1},"title":"MNAR \u0219i BT invit\u0103 publicul la dou\u0103 expozi\u021bii-eveniment","author":"Cultura","date":"12 iunie 2026","format":false,"excerpt":"\u00cencep\u00e2nd cu 12 iunie Banca Transilvania \u015fi Muzeul Na\u021bional de Art\u0103 al Rom\u00e2niei: parteneriat pentru sus\u021binerea culturii, educa\u021biei \u015fi comunit\u0103\u021bii Banca Transilvania (BT) \u0219i Muzeul Na\u021bional de Art\u0103 al Rom\u00e2niei (MNAR) lanseaz\u0103 un parteneriat care va aduce arta mai aproape de oameni. Parteneriatul, derulat \u00een perioada 2026 \u2013 2027, este\u2026","rel":"","context":"\u00cen \u201eAgenda culturala\u201d","block_context":{"text":"Agenda culturala","link":"https:\/\/revistacultura.ro\/agenda\/category\/agenda-cultura\/"},"img":{"alt_text":"","src":"https:\/\/i0.wp.com\/revistacultura.ro\/agenda\/wp-content\/uploads\/2026\/06\/MNAR.webp?resize=350%2C200&ssl=1","width":350,"height":200,"srcset":"https:\/\/i0.wp.com\/revistacultura.ro\/agenda\/wp-content\/uploads\/2026\/06\/MNAR.webp?resize=350%2C200&ssl=1 1x, https:\/\/i0.wp.com\/revistacultura.ro\/agenda\/wp-content\/uploads\/2026\/06\/MNAR.webp?resize=525%2C300&ssl=1 1.5x, https:\/\/i0.wp.com\/revistacultura.ro\/agenda\/wp-content\/uploads\/2026\/06\/MNAR.webp?resize=700%2C400&ssl=1 2x"},"classes":[]},{"id":18686,"url":"https:\/\/revistacultura.ro\/agenda\/2014\/04\/o-altfel-de-scoala-la-mnar\/","url_meta":{"origin":18032,"position":2},"title":"O altfel de \u015fcoal\u0103 la MNAR","author":"Revista","date":"10 aprilie 2014","format":false,"excerpt":"Programul \u201e\u015ecoala Altfel\u201c, consacrat activit\u0103\u0163ilor de educa\u0163ie non-formal\u0103, a cunoscut recent o mare amploare, mii de cadre didactice \u015fi elevi din \u015fcoli \u015fi licee fiind angrena\u0163i \u00een activit\u0103\u0163i culturale. O pot face \u00een s\u0103pt\u0103m\u00e2na 7-11 aprilie \u015fi la Muzeul Na\u0163ional de Art\u0103 al Rom\u00e2niei, vizit\u00e2nd galeriile permanente ale muzeului, precum\u2026","rel":"","context":"\u00cen \u201eAgenda culturala\u201d","block_context":{"text":"Agenda culturala","link":"https:\/\/revistacultura.ro\/agenda\/category\/agenda-cultura\/"},"img":{"alt_text":"","src":"","width":0,"height":0},"classes":[]},{"id":19295,"url":"https:\/\/revistacultura.ro\/agenda\/2014\/07\/trecutul-pe-viu\/","url_meta":{"origin":18032,"position":3},"title":"Trecutul pe viu","author":"Revista","date":"24 iulie 2014","format":false,"excerpt":"\u00a0 \u00a0 Dou\u00e3zeci \u015fi trei de arti\u015fti semneaz\u0103 lucr\u0103ri expuse p\u00e2n\u0103 la 10 august sub genericul Europe. South East \u2013 Recorded Memories, la Muzeul Na\u0163ional de Art\u0103 Contemporan\u0103 din Bucure\u015fti. Proiectul este realizat de Goethe-Institut \u00een colaborare cu Museum f\u00fcr Photographie Braunschweig \u015fi este curatoriat de Constanze Wicke, cu sprijinul\u2026","rel":"","context":"\u00cen \u201eAgenda culturala\u201d","block_context":{"text":"Agenda culturala","link":"https:\/\/revistacultura.ro\/agenda\/category\/agenda-cultura\/"},"img":{"alt_text":"","src":"https:\/\/i0.wp.com\/revistacultura.ro\/agenda\/wp-content\/uploads\/2014\/07\/trecutul-pe-viu.jpg?resize=350%2C200&ssl=1","width":350,"height":200,"srcset":"https:\/\/i0.wp.com\/revistacultura.ro\/agenda\/wp-content\/uploads\/2014\/07\/trecutul-pe-viu.jpg?resize=350%2C200&ssl=1 1x, https:\/\/i0.wp.com\/revistacultura.ro\/agenda\/wp-content\/uploads\/2014\/07\/trecutul-pe-viu.jpg?resize=525%2C300&ssl=1 1.5x"},"classes":[]},{"id":21871,"url":"https:\/\/revistacultura.ro\/agenda\/2026\/04\/un-concert-cat-o-primavara-baroca-haendel-si-ansamblul-sempre-la-mnar\/","url_meta":{"origin":18032,"position":4},"title":"Un concert c\u00e2t o prim\u0103var\u0103 baroc\u0103: Haendel \u0219i ansamblul Sempre la MNAR","author":"Cultura","date":"24 aprilie 2026","format":false,"excerpt":"Sonatele pentru instrument solo \u0219i basso continuo ale lui G. Fr. Haendel sunt propunerile concertului din 26 aprilie de la Sala Auditorium\u00a0a Muzeului Na\u021bional de Art\u0103 al Rom\u00e2niei. Evenimentul face parte din programul Stagiunii de Muzic\u0103 Veche Bucure\u0219ti 2026 \u0219i \u00eel are ca solist pe violonistul Rafael Butaru, al\u0103turi de\u2026","rel":"","context":"\u00cen \u201eSemnal\u201d","block_context":{"text":"Semnal","link":"https:\/\/revistacultura.ro\/agenda\/category\/semnal\/"},"img":{"alt_text":"","src":"https:\/\/i0.wp.com\/revistacultura.ro\/agenda\/wp-content\/uploads\/2026\/04\/Newsl-newsman-Haendel-1280x720-1.gif?resize=350%2C200&ssl=1","width":350,"height":200,"srcset":"https:\/\/i0.wp.com\/revistacultura.ro\/agenda\/wp-content\/uploads\/2026\/04\/Newsl-newsman-Haendel-1280x720-1.gif?resize=350%2C200&ssl=1 1x, https:\/\/i0.wp.com\/revistacultura.ro\/agenda\/wp-content\/uploads\/2026\/04\/Newsl-newsman-Haendel-1280x720-1.gif?resize=525%2C300&ssl=1 1.5x, https:\/\/i0.wp.com\/revistacultura.ro\/agenda\/wp-content\/uploads\/2026\/04\/Newsl-newsman-Haendel-1280x720-1.gif?resize=700%2C400&ssl=1 2x"},"classes":[]},{"id":18538,"url":"https:\/\/revistacultura.ro\/agenda\/2014\/04\/brancoveanumnar\/","url_meta":{"origin":18032,"position":5},"title":"Br\u00e2ncoveanu@MNaR","author":"Revista","date":"3 aprilie 2014","format":false,"excerpt":"Muzeul Na\u0163ional de Art\u0103 al Rom\u00e2niei anun\u0163\u0103 lansarea programului Br\u00e2ncoveanu@MNaR, derulat pe tot parcursul anului 2014 \u00een Galeria de Art\u0103 Veche Rom\u00e2neasc\u0103, unde este expus\u0103 cea mai reprezentativ\u0103, divers\u0103 \u015fi bogat\u0103 colec\u0163ie de obiecte de patrimoniu provenind din ansamblurile monumentale ctitorite de Constantin Br\u00e2ncoveanu. \u00cencep\u00e2nd cu luna mai, \u00een cadrul\u2026","rel":"","context":"\u00cen \u201eAgenda culturala\u201d","block_context":{"text":"Agenda culturala","link":"https:\/\/revistacultura.ro\/agenda\/category\/agenda-cultura\/"},"img":{"alt_text":"","src":"","width":0,"height":0},"classes":[]}],"jetpack_featured_media_url":"","_links":{"self":[{"href":"https:\/\/revistacultura.ro\/agenda\/wp-json\/wp\/v2\/posts\/18032","targetHints":{"allow":["GET"]}}],"collection":[{"href":"https:\/\/revistacultura.ro\/agenda\/wp-json\/wp\/v2\/posts"}],"about":[{"href":"https:\/\/revistacultura.ro\/agenda\/wp-json\/wp\/v2\/types\/post"}],"author":[{"embeddable":true,"href":"https:\/\/revistacultura.ro\/agenda\/wp-json\/wp\/v2\/users\/2"}],"replies":[{"embeddable":true,"href":"https:\/\/revistacultura.ro\/agenda\/wp-json\/wp\/v2\/comments?post=18032"}],"version-history":[{"count":0,"href":"https:\/\/revistacultura.ro\/agenda\/wp-json\/wp\/v2\/posts\/18032\/revisions"}],"wp:attachment":[{"href":"https:\/\/revistacultura.ro\/agenda\/wp-json\/wp\/v2\/media?parent=18032"}],"wp:term":[{"taxonomy":"category","embeddable":true,"href":"https:\/\/revistacultura.ro\/agenda\/wp-json\/wp\/v2\/categories?post=18032"},{"taxonomy":"post_tag","embeddable":true,"href":"https:\/\/revistacultura.ro\/agenda\/wp-json\/wp\/v2\/tags?post=18032"}],"curies":[{"name":"wp","href":"https:\/\/api.w.org\/{rel}","templated":true}]}}