{"id":18030,"date":"2014-03-13T11:51:08","date_gmt":"2014-03-13T09:51:08","guid":{"rendered":"http:\/\/revistacultura.ro\/nou\/?p=18030"},"modified":"2014-03-13T11:51:08","modified_gmt":"2014-03-13T09:51:08","slug":"incursiune-in-abstract","status":"publish","type":"post","link":"https:\/\/revistacultura.ro\/agenda\/2014\/03\/incursiune-in-abstract\/","title":{"rendered":"Incursiune \u00een abstract"},"content":{"rendered":"<p><em><strong>Fabrica de pensule, Cluj, 21 februarie &#8211; 27 martie 2014<\/strong><\/em><br \/>\nSeria \u201eIncursiune \u00een abstract\u201d vizualizeaz\u0103 instantaneele unei c\u0103l\u0103torii at\u00e2t la propriu c\u00e2t \u015fi la figurat. C\u0103l\u0103toria exploreaz\u0103 teritoriul abstractului, disput\u0103 provoc\u0103rile lui, absoarbe posibilit\u0103\u0163ile oferite de tendin\u0163ele reduc\u0163ioniste. Acest proces are un rol important \u00een simplificarea \u015fi esen\u0163ializarea solu\u0163iilor tehnice care \u00ee\u015fi arat\u0103 urmele \u015fi \u00een pictura figurativ\u0103. Dup\u0103 deconstruc\u0163ii realizate prin abord\u0103ri formaliste, func\u0163ia auto-reeren\u0163ial\u0103 se arat\u0103 \u00een prim plan. Suprafa\u0162a \u015fi structura ca puncte de interes devin prioritare subiectului: formele \u015fi detaliile sunt definite at\u00e2t prin voin\u0163a artistului c\u00e2t \u015fi \u2013 par\u0163ial \u2013 prin hazard. Elementele picturale sunt organizate pentru a crea ritmul suprafe\u0163ei, iar imagistica luat\u0103 din mediul \u00eenconjur\u0103tor este un pretext pentru a ob\u0163ine caden\u0163e valide. Gestul pictural poate defini un subiect iar con\u0163inutul va rezulta \u2013 inevitabil \u015fi incon\u015ftient \u2013 din influen\u0163ele vizuale ale mediului \u00eenconjur\u0103tor \u015fi ale momentului.<\/p>\n","protected":false},"excerpt":{"rendered":"<p>Fabrica de pensule, Cluj, 21 februarie &#8211; 27 martie 2014 Seria \u201eIncursiune \u00een abstract\u201d vizualizeaz\u0103 instantaneele unei c\u0103l\u0103torii at\u00e2t la propriu c\u00e2t \u015fi la figurat. C\u0103l\u0103toria exploreaz\u0103 teritoriul abstractului, disput\u0103 provoc\u0103rile lui, absoarbe posibilit\u0103\u0163ile oferite de tendin\u0163ele reduc\u0163ioniste. Acest proces are un rol important \u00een simplificarea \u015fi esen\u0163ializarea solu\u0163iilor tehnice care \u00ee\u015fi arat\u0103 urmele \u015fi&hellip;&nbsp;<a href=\"https:\/\/revistacultura.ro\/agenda\/2014\/03\/incursiune-in-abstract\/\" rel=\"bookmark\">Cite\u0219te mai mult &raquo;<span class=\"screen-reader-text\">Incursiune \u00een abstract<\/span><\/a><\/p>\n","protected":false},"author":2,"featured_media":0,"comment_status":"open","ping_status":"open","sticky":false,"template":"","format":"standard","meta":{"neve_meta_sidebar":"","neve_meta_container":"","neve_meta_enable_content_width":"","neve_meta_content_width":0,"neve_meta_title_alignment":"","neve_meta_author_avatar":"","neve_post_elements_order":"","neve_meta_disable_header":"","neve_meta_disable_footer":"","neve_meta_disable_title":"","_jetpack_newsletter_access":"","_jetpack_dont_email_post_to_subs":false,"_jetpack_newsletter_tier_id":0,"_jetpack_memberships_contains_paywalled_content":false,"_jetpack_feature_clip_id":0,"_jetpack_memberships_contains_paid_content":false,"footnotes":"","jetpack_publicize_message":"","jetpack_publicize_feature_enabled":true,"jetpack_social_post_already_shared":true,"jetpack_social_options":{"image_generator_settings":{"template":"highway","default_image_id":0,"font":"","enabled":false},"version":2},"jetpack_post_was_ever_published":false},"categories":[152],"tags":[168,166,32,167],"class_list":["post-18030","post","type-post","status-publish","format-standard","hentry","category-agenda-cultura","tag-incursiune-in-abstract","tag-cluj","tag-fabrica-de-pensule","tag-pictura-figurativa"],"jetpack_publicize_connections":[],"jetpack_sharing_enabled":true,"jetpack-related-posts":[{"id":18073,"url":"https:\/\/revistacultura.ro\/agenda\/2014\/03\/18073\/","url_meta":{"origin":18030,"position":0},"title":"\u201eParallel\u201d, Fabrica de Pensule, Cluj-Napoca","author":"Revista","date":"13 martie 2014","format":false,"excerpt":"PERFORMANCE , Fabrica de Pensule, Cluj-Napoca \u201eParallel\u201d, spectacolul conceput de Ferenc Sink\u00f3 \u015fi Leta Popescu, este categoric unul din cele mai bune proiecte de teatru (aici termenul e u\u015for de \u00eenlocuit cu performance) care pot fi v\u0103zute la Cluj. Subiectul: identitatea sexual\u0103. Suntem, pare s\u0103 spun\u0103 piesa, stigmatiza\u0163i \u015fi supu\u015fi\u2026","rel":"","context":"\u00cen \u201eRecomand\u0103ri\u201d","block_context":{"text":"Recomand\u0103ri","link":"https:\/\/revistacultura.ro\/agenda\/category\/recomandarile-cultura\/"},"img":{"alt_text":"","src":"","width":0,"height":0},"classes":[]},{"id":19246,"url":"https:\/\/revistacultura.ro\/agenda\/2014\/07\/catre-tactil\/","url_meta":{"origin":18030,"position":1},"title":"C\u0103tre tactil","author":"Revista","date":"10 iulie 2014","format":false,"excerpt":"\u00a0 Expozi\u0163ia de fotografie De aproape de la Fabrica de Pensule din Cluj reune\u015fte doi arti\u015fti fotografi care expun \u00eempreun\u0103 \u00een premier\u0103: CASA, by Rie Kuroda, artist\u0103 din Tokyo stabilit\u0103 la Berlin, \u015fi Irina Dora (Dumitra\u015fcu) din Cluj. Tema expozi\u0163iei este forma abordat\u0103 pe dou\u0103 c\u0103i diferite: \u201earhitectura \u015fi corpul\u2026","rel":"","context":"\u00cen \u201eRecomand\u0103ri\u201d","block_context":{"text":"Recomand\u0103ri","link":"https:\/\/revistacultura.ro\/agenda\/category\/recomandarile-cultura\/"},"img":{"alt_text":"","src":"https:\/\/i0.wp.com\/revistacultura.ro\/agenda\/wp-content\/uploads\/2014\/07\/09-catre-tactil.jpg?resize=350%2C200&ssl=1","width":350,"height":200,"srcset":"https:\/\/i0.wp.com\/revistacultura.ro\/agenda\/wp-content\/uploads\/2014\/07\/09-catre-tactil.jpg?resize=350%2C200&ssl=1 1x, https:\/\/i0.wp.com\/revistacultura.ro\/agenda\/wp-content\/uploads\/2014\/07\/09-catre-tactil.jpg?resize=525%2C300&ssl=1 1.5x"},"classes":[]},{"id":20101,"url":"https:\/\/revistacultura.ro\/agenda\/2019\/07\/istoria-transilvaniei-de-ioan-aurel-pop-si-ioan-bolovan\/","url_meta":{"origin":18030,"position":2},"title":"Istoria Transilvaniei de Ioan Aurel Pop \u0219i Ioan Bolovan","author":"Revista Cultura","date":"2 iulie 2019","format":false,"excerpt":"Ap\u0103rut \u00een anul 2014, \u00een limba rom\u00e2n\u0103, la editura\u00a0 Cluj Napoca, volumul Istoria Transilvaniei este o carte complex\u0103 \u00een care sunt adunate toate bucuriile \u0219i suferin\u021bele tr\u0103ite de-a lungul timpului de mai multe popoare: rom\u00e2ni, maghiari, germani, evrei etc. \u00a0Volumul a fost tradus \u00een limba italian\u0103 de Floarea Maria Pop,\u2026","rel":"","context":"\u00cen \u201eAgenda culturala\u201d","block_context":{"text":"Agenda culturala","link":"https:\/\/revistacultura.ro\/agenda\/category\/agenda-cultura\/"},"img":{"alt_text":"","src":"","width":0,"height":0},"classes":[]},{"id":21799,"url":"https:\/\/revistacultura.ro\/agenda\/2026\/03\/fotografie-si-invizibil-o-incursiune-teoretica-si-vizuala-la-palatul-sutu\/","url_meta":{"origin":18030,"position":3},"title":"Fotografie \u0219i Invizibil: o incursiune teoretic\u0103 \u0219i vizual\u0103 &#8211; la Palatul Su\u021bu","author":"Cultura","date":"26 martie 2026","format":false,"excerpt":"Joi, 26 martie, ora 18.30 \"Fotografie \u0219i Invizibil: o incursiune teoretic\u0103 \u0219i vizual\u0103\", cu Vlad Eftenie. Coordonatorul Conferin\u021belor de Joi: C\u0103t\u0103lin D. Constantin Lumea dimprejur?... un aparent haos, o infinitate de planuri toxice care se bruiaz\u0103 reciproc \u0219i care ne solicit\u0103 zi de zi, care ne golesc de energie, de\u2026","rel":"","context":"\u00cen \u201eAgenda culturala\u201d","block_context":{"text":"Agenda culturala","link":"https:\/\/revistacultura.ro\/agenda\/category\/agenda-cultura\/"},"img":{"alt_text":"","src":"https:\/\/i0.wp.com\/revistacultura.ro\/agenda\/wp-content\/uploads\/2026\/03\/fotografie-sutu.webp?resize=350%2C200&ssl=1","width":350,"height":200,"srcset":"https:\/\/i0.wp.com\/revistacultura.ro\/agenda\/wp-content\/uploads\/2026\/03\/fotografie-sutu.webp?resize=350%2C200&ssl=1 1x, https:\/\/i0.wp.com\/revistacultura.ro\/agenda\/wp-content\/uploads\/2026\/03\/fotografie-sutu.webp?resize=525%2C300&ssl=1 1.5x, https:\/\/i0.wp.com\/revistacultura.ro\/agenda\/wp-content\/uploads\/2026\/03\/fotografie-sutu.webp?resize=700%2C400&ssl=1 2x"},"classes":[]},{"id":19734,"url":"https:\/\/revistacultura.ro\/agenda\/2015\/02\/bienala-nationala-de-arhitectura\/","url_meta":{"origin":18030,"position":4},"title":"Bienala Na\u0163ional\u0103  de Arhitectur\u0103","author":"Revista","date":"21 februarie 2015","format":false,"excerpt":"\u00a0 \u00cen aceste zile se desf\u0103\u015foar\u0103 Bienala Na\u0163ional\u0103 de Arhitectur\u0103 organizat\u0103 de Muzeul de Art\u0103 Cluj-Napoca \u00een colaborare cu Uniunea Arhitec\u0163ilor din Rom\u00e2nia, filiala Cluj. \u201eReunite sub tema Dilemele \u015fi provoc\u0103rile spa\u0163iului arhitectural (Rom\u00e2nia 2013-2014), cele aproape 200 de proiecte selectate pentru a participa la bienal\u0103 \u015fi \u00een cadrul expozi\u0163iei\u2026","rel":"","context":"\u00cen \u201eRecomand\u0103ri\u201d","block_context":{"text":"Recomand\u0103ri","link":"https:\/\/revistacultura.ro\/agenda\/category\/recomandarile-cultura\/"},"img":{"alt_text":"","src":"https:\/\/i0.wp.com\/revistacultura.ro\/agenda\/wp-content\/uploads\/2015\/02\/Untitled-119.jpg?resize=350%2C200&ssl=1","width":350,"height":200},"classes":[]},{"id":19503,"url":"https:\/\/revistacultura.ro\/agenda\/2014\/11\/sculptura-si-box\/","url_meta":{"origin":18030,"position":5},"title":"Sculptur\u0103 \u015fi box","author":"Revista","date":"1 noiembrie 2014","format":false,"excerpt":"Fabrica de pensule g\u0103zduie\u015fte, p\u00e2n\u0103 pe 6 noiembrie, expozi\u0163ia The Ring a t\u00e2n\u0103rului artist Szil\u00e1rd G\u00e1sp\u00e1r. Sculptorul a debutat \u00een spa\u0163iul Bazis cu un performance de o or\u0103 al c\u0103rei rezultat a fost o nou\u0103 sculptur\u0103. Artistul, care este \u015fi boxer profesionist, a transformat modelarea lutului \u00eentr-un performance ar\u0103t\u00e2nd cum\u2026","rel":"","context":"\u00cen \u201eAgenda culturala\u201d","block_context":{"text":"Agenda culturala","link":"https:\/\/revistacultura.ro\/agenda\/category\/agenda-cultura\/"},"img":{"alt_text":"","src":"https:\/\/i0.wp.com\/revistacultura.ro\/agenda\/wp-content\/uploads\/2014\/11\/Sculptura-si-box.jpg?resize=350%2C200&ssl=1","width":350,"height":200,"srcset":"https:\/\/i0.wp.com\/revistacultura.ro\/agenda\/wp-content\/uploads\/2014\/11\/Sculptura-si-box.jpg?resize=350%2C200&ssl=1 1x, https:\/\/i0.wp.com\/revistacultura.ro\/agenda\/wp-content\/uploads\/2014\/11\/Sculptura-si-box.jpg?resize=525%2C300&ssl=1 1.5x"},"classes":[]}],"jetpack_featured_media_url":"","_links":{"self":[{"href":"https:\/\/revistacultura.ro\/agenda\/wp-json\/wp\/v2\/posts\/18030","targetHints":{"allow":["GET"]}}],"collection":[{"href":"https:\/\/revistacultura.ro\/agenda\/wp-json\/wp\/v2\/posts"}],"about":[{"href":"https:\/\/revistacultura.ro\/agenda\/wp-json\/wp\/v2\/types\/post"}],"author":[{"embeddable":true,"href":"https:\/\/revistacultura.ro\/agenda\/wp-json\/wp\/v2\/users\/2"}],"replies":[{"embeddable":true,"href":"https:\/\/revistacultura.ro\/agenda\/wp-json\/wp\/v2\/comments?post=18030"}],"version-history":[{"count":0,"href":"https:\/\/revistacultura.ro\/agenda\/wp-json\/wp\/v2\/posts\/18030\/revisions"}],"wp:attachment":[{"href":"https:\/\/revistacultura.ro\/agenda\/wp-json\/wp\/v2\/media?parent=18030"}],"wp:term":[{"taxonomy":"category","embeddable":true,"href":"https:\/\/revistacultura.ro\/agenda\/wp-json\/wp\/v2\/categories?post=18030"},{"taxonomy":"post_tag","embeddable":true,"href":"https:\/\/revistacultura.ro\/agenda\/wp-json\/wp\/v2\/tags?post=18030"}],"curies":[{"name":"wp","href":"https:\/\/api.w.org\/{rel}","templated":true}]}}