{"id":18016,"date":"2014-03-13T11:37:04","date_gmt":"2014-03-13T09:37:04","guid":{"rendered":"http:\/\/revistacultura.ro\/nou\/?p=18016"},"modified":"2014-03-13T11:37:04","modified_gmt":"2014-03-13T09:37:04","slug":"64-850-de-dolari-pentru-doua-volume-din-mein-kampf","status":"publish","type":"post","link":"https:\/\/revistacultura.ro\/agenda\/2014\/03\/64-850-de-dolari-pentru-doua-volume-din-mein-kampf\/","title":{"rendered":"64.850 de dolari pentru dou\u0103 volume din \u201eMein Kampf\u201d!"},"content":{"rendered":"<p><em><strong>Dou\u0103 volume cu autograf din \u201eMein Kampf\u201d, manifestul ideologic al lui Adolf Hitler, au fost v\u00e2ndute s\u0103pt\u0103m\u00e2na trecut\u0103 pentru suma de 64.850 de dolari, \u00een Los Angeles.<\/strong><\/em><br \/>\nCele dou\u0103 volume ale lucr\u0103rii, care schi\u0163eaz\u0103 ideologia antisemit\u0103 a regimului nazist, poart\u0103 autograful lui Hitler \u015fi sunt dedicate lui Josef Bauer \u2013 unul dintre primii membri ai Partidului nazist \u015fi, totodat\u0103, unul dintre apropia\u0163ii viitorului F\u00fchrer.<br \/>\n\u00cen acea dedica\u0163ie, scris\u0103 undeva \u00eentre 1925 \u015fi 1926, Hitler \u00eei transmitea urarea \u201eCr\u0103ciun fericit!\u201d lui Bauer, unul dintre participan\u0163ii la puciul e\u015fuat de la Munchen din 1923, care i-a adus lui Hitler mai multe luni de \u00eenchisoare. \u00cen timpul acestei deten\u0163ii, \u00een 1924, viitorul lider nazist avea s\u0103 scrie \u201eMein Kampf\u201d.<\/p>\n","protected":false},"excerpt":{"rendered":"<p>Dou\u0103 volume cu autograf din \u201eMein Kampf\u201d, manifestul ideologic al lui Adolf Hitler, au fost v\u00e2ndute s\u0103pt\u0103m\u00e2na trecut\u0103 pentru suma de 64.850 de dolari, \u00een Los Angeles. Cele dou\u0103 volume ale lucr\u0103rii, care schi\u0163eaz\u0103 ideologia antisemit\u0103 a regimului nazist, poart\u0103 autograful lui Hitler \u015fi sunt dedicate lui Josef Bauer \u2013 unul dintre primii membri ai&hellip;&nbsp;<a href=\"https:\/\/revistacultura.ro\/agenda\/2014\/03\/64-850-de-dolari-pentru-doua-volume-din-mein-kampf\/\" rel=\"bookmark\">Cite\u0219te mai mult &raquo;<span class=\"screen-reader-text\">64.850 de dolari pentru dou\u0103 volume din \u201eMein Kampf\u201d!<\/span><\/a><\/p>\n","protected":false},"author":2,"featured_media":0,"comment_status":"open","ping_status":"open","sticky":false,"template":"","format":"standard","meta":{"neve_meta_sidebar":"","neve_meta_container":"","neve_meta_enable_content_width":"","neve_meta_content_width":0,"neve_meta_title_alignment":"","neve_meta_author_avatar":"","neve_post_elements_order":"","neve_meta_disable_header":"","neve_meta_disable_footer":"","neve_meta_disable_title":"","jetpack_post_was_ever_published":false,"_jetpack_newsletter_access":"","_jetpack_dont_email_post_to_subs":false,"_jetpack_newsletter_tier_id":0,"_jetpack_memberships_contains_paywalled_content":false,"_jetpack_memberships_contains_paid_content":false,"footnotes":"","jetpack_publicize_message":"","jetpack_publicize_feature_enabled":true,"jetpack_social_post_already_shared":true,"jetpack_social_options":{"image_generator_settings":{"template":"highway","default_image_id":0,"font":"","enabled":false},"version":2}},"categories":[152],"tags":[153],"class_list":["post-18016","post","type-post","status-publish","format-standard","hentry","category-agenda-cultura","tag-volume-cu-autograf-din-mein-kampf"],"jetpack_publicize_connections":[],"jetpack_featured_media_url":"","jetpack_sharing_enabled":true,"jetpack-related-posts":[{"id":19380,"url":"https:\/\/revistacultura.ro\/agenda\/2014\/09\/liviu-radu-spaime\/","url_meta":{"origin":18016,"position":0},"title":"Liviu Radu, &#8222;Spaime&#8221;","author":"Revista","date":"11 septembrie 2014","format":false,"excerpt":"Spaime este a patra carte publicat\u0103 de Liviu Radu la Nemira \u00een ultimii doi ani, dup\u0103 Armata moliilor (2012) \u015fi La galop prin piramid\u0103 (2013), primele dou\u0103 volume din seria light fantasy Taravik, \u015fi culegerea de povestiri fantastice Golem, golem (2014); asta pentru a nu mai vorbi de numeroasele colabor\u0103ri\u2026","rel":"","context":"\u00cen \u201eAparitii editoriale\u201d","block_context":{"text":"Aparitii editoriale","link":"https:\/\/revistacultura.ro\/agenda\/category\/aparitii-editoriale\/"},"img":{"alt_text":"","src":"","width":0,"height":0},"classes":[]},{"id":21308,"url":"https:\/\/revistacultura.ro\/agenda\/2025\/08\/evenimentele-toamnei-la-fundatia-regala\/","url_meta":{"origin":18016,"position":1},"title":"Evenimentele toamnei la Funda\u021bia Regal\u0103","author":"Cultura","date":"8 august 2025","format":false,"excerpt":"Funda\u021bia Regal\u0103 Margareta a Rom\u00e2niei preg\u0103te\u0219te o toamn\u0103 bogat\u0103 \u00een evenimente, continu\u00e2nd activitatea sa dedicat\u0103 at\u00e2t promov\u0103rii culturii, c\u00e2t \u0219i sprijinirii comunit\u0103\u021bii. Se anun\u021b\u0103 un sezon plin, cu dou\u0103 ini\u021biative majore care vizeaz\u0103 domenii cheie pentru funda\u021bie. Unul dintre evenimentele emblematice ale toamnei este Concertul Regal Caritabil, ajuns la cea\u2026","rel":"","context":"\u00cen \u201eProiecte sus\u021binute de revista CULTURA\u201d","block_context":{"text":"Proiecte sus\u021binute de revista CULTURA","link":"https:\/\/revistacultura.ro\/agenda\/category\/parteneriate\/"},"img":{"alt_text":"","src":"https:\/\/i0.wp.com\/revistacultura.ro\/agenda\/wp-content\/uploads\/2025\/08\/concert-regal-2025.webp?resize=350%2C200&ssl=1","width":350,"height":200,"srcset":"https:\/\/i0.wp.com\/revistacultura.ro\/agenda\/wp-content\/uploads\/2025\/08\/concert-regal-2025.webp?resize=350%2C200&ssl=1 1x, https:\/\/i0.wp.com\/revistacultura.ro\/agenda\/wp-content\/uploads\/2025\/08\/concert-regal-2025.webp?resize=525%2C300&ssl=1 1.5x, https:\/\/i0.wp.com\/revistacultura.ro\/agenda\/wp-content\/uploads\/2025\/08\/concert-regal-2025.webp?resize=700%2C400&ssl=1 2x"},"classes":[]},{"id":21626,"url":"https:\/\/revistacultura.ro\/agenda\/2026\/01\/gata-de-start-monet-kandinsky-imersiv-la-mina\/","url_meta":{"origin":18016,"position":2},"title":"Gata de start: Monet + Kandinsky imersiv la MINA","author":"Cultura","date":"19 ianuarie 2026","format":false,"excerpt":"23 ianuarie - 23 iulie 2026, MINA Bucure\u0219ti Museum of Immersive New Art, la sediul s\u0103u din Bucure\u0219ti, anun\u021b\u0103 dou\u0103 noi expozi\u021bii dedicate marilor mae\u0219tri ai picturii: Claude Monet \u0219i Vasili Kandinsky. Ambele vor fi deschise \u00eencep\u00e2nd cu 23 ianuarie, precedate de un concert inaugural \u00een 22, Ambii pictori sunt\u2026","rel":"","context":"\u00cen \u201eAgenda culturala\u201d","block_context":{"text":"Agenda culturala","link":"https:\/\/revistacultura.ro\/agenda\/category\/agenda-cultura\/"},"img":{"alt_text":"","src":"https:\/\/i0.wp.com\/revistacultura.ro\/agenda\/wp-content\/uploads\/2026\/01\/monet_mina_2026.jpg?resize=350%2C200&ssl=1","width":350,"height":200,"srcset":"https:\/\/i0.wp.com\/revistacultura.ro\/agenda\/wp-content\/uploads\/2026\/01\/monet_mina_2026.jpg?resize=350%2C200&ssl=1 1x, https:\/\/i0.wp.com\/revistacultura.ro\/agenda\/wp-content\/uploads\/2026\/01\/monet_mina_2026.jpg?resize=525%2C300&ssl=1 1.5x, https:\/\/i0.wp.com\/revistacultura.ro\/agenda\/wp-content\/uploads\/2026\/01\/monet_mina_2026.jpg?resize=700%2C400&ssl=1 2x"},"classes":[]},{"id":19219,"url":"https:\/\/revistacultura.ro\/agenda\/2014\/07\/robert-wilson-in-romania\/","url_meta":{"origin":18016,"position":3},"title":"Robert Wilson \u00een Rom\u00e2nia","author":"Revista","date":"10 iulie 2014","format":false,"excerpt":"\u00a0 Celebrul regizor american Robert Wilson, una dintre cele mai puternice personalit\u0103\u0163i ale avangardei teatrale din ultima jum\u0103tate de secol, monteaz\u0103 pentru prima oar\u0103 \u00een Rom\u00e2nia, la Teatrul Na\u0163ional Craiova. Premiera spectacolului Rinocerii, de Eug\u010dne Ionesco are loc pe 2 iulie 2014. Regizorul, care a lucrat al\u0103turi de echipa sa\u2026","rel":"","context":"\u00cen \u201eAgenda culturala\u201d","block_context":{"text":"Agenda culturala","link":"https:\/\/revistacultura.ro\/agenda\/category\/agenda-cultura\/"},"img":{"alt_text":"","src":"","width":0,"height":0},"classes":[]},{"id":19456,"url":"https:\/\/revistacultura.ro\/agenda\/2014\/10\/dr-mengele-in-patagonia\/","url_meta":{"origin":18016,"position":4},"title":"Dr. Mengele  \u00een Patagonia","author":"Revista","date":"21 octombrie 2014","format":false,"excerpt":"\u00a0 Propunerea Argentinei la Premiile Oscar 2014 este \u00cengerul mor\u0163ii\/ The German Doctor-Wakolda, o dram\u0103 puternic\u0103, excelent transpus\u0103 pe pelicul\u0103 de Luc\u00eda Puenzo, una dintre cele mai apreciate regizoare din America Latin\u0103. Biopicul (u\u015for) fic\u0163ionalizat nareaz\u0103 \u00eent\u00e2mpl\u0103ri din via\u0163a de exilat a funestului doctor nazist Josef Mengele, autorul \u00eengrozitoarelor experimente\u2026","rel":"","context":"\u00cen \u201eFilme noi\u201d","block_context":{"text":"Filme noi","link":"https:\/\/revistacultura.ro\/agenda\/category\/filme-noi\/"},"img":{"alt_text":"","src":"https:\/\/i0.wp.com\/revistacultura.ro\/agenda\/wp-content\/uploads\/2014\/10\/Untitled-11.jpg?resize=350%2C200&ssl=1","width":350,"height":200},"classes":[]},{"id":21671,"url":"https:\/\/revistacultura.ro\/agenda\/2026\/02\/stagiunea-internationala-de-teatru-arcub-2026\/","url_meta":{"origin":18016,"position":5},"title":"Stagiunea Interna\u021bional\u0103 de Teatru ARCUB 2026","author":"Cultura","date":"11 februarie 2026","format":false,"excerpt":"Tema edi\u021biei 2026: Criz\u0103\/Crize Program: 7-8 martie \u0219i 24-25 aprilie ARCUB \u2013 Hanul Gabroveni Lansat\u0103 \u00een 2025, Stagiunea Interna\u021bional\u0103 de Teatru continu\u0103 direc\u021bia \u00eenceput\u0103 anul trecut, c\u00e2nd selec\u021bia a inclus spectacole prezentate la Festivalul de la Avignon, produc\u021bii ale unor mari teatre europene (Schaub\u00fchne) \u0219i produc\u021bii semnate de creatori de\u2026","rel":"","context":"\u00cen \u201eRecomand\u0103ri\u201d","block_context":{"text":"Recomand\u0103ri","link":"https:\/\/revistacultura.ro\/agenda\/category\/recomandarile-cultura\/"},"img":{"alt_text":"","src":"https:\/\/i0.wp.com\/revistacultura.ro\/agenda\/wp-content\/uploads\/2026\/02\/Gaviota_Stagiunea-Internationala-de-teatru-ARCUB-2026.webp?resize=350%2C200&ssl=1","width":350,"height":200,"srcset":"https:\/\/i0.wp.com\/revistacultura.ro\/agenda\/wp-content\/uploads\/2026\/02\/Gaviota_Stagiunea-Internationala-de-teatru-ARCUB-2026.webp?resize=350%2C200&ssl=1 1x, https:\/\/i0.wp.com\/revistacultura.ro\/agenda\/wp-content\/uploads\/2026\/02\/Gaviota_Stagiunea-Internationala-de-teatru-ARCUB-2026.webp?resize=525%2C300&ssl=1 1.5x, https:\/\/i0.wp.com\/revistacultura.ro\/agenda\/wp-content\/uploads\/2026\/02\/Gaviota_Stagiunea-Internationala-de-teatru-ARCUB-2026.webp?resize=700%2C400&ssl=1 2x"},"classes":[]}],"_links":{"self":[{"href":"https:\/\/revistacultura.ro\/agenda\/wp-json\/wp\/v2\/posts\/18016","targetHints":{"allow":["GET"]}}],"collection":[{"href":"https:\/\/revistacultura.ro\/agenda\/wp-json\/wp\/v2\/posts"}],"about":[{"href":"https:\/\/revistacultura.ro\/agenda\/wp-json\/wp\/v2\/types\/post"}],"author":[{"embeddable":true,"href":"https:\/\/revistacultura.ro\/agenda\/wp-json\/wp\/v2\/users\/2"}],"replies":[{"embeddable":true,"href":"https:\/\/revistacultura.ro\/agenda\/wp-json\/wp\/v2\/comments?post=18016"}],"version-history":[{"count":0,"href":"https:\/\/revistacultura.ro\/agenda\/wp-json\/wp\/v2\/posts\/18016\/revisions"}],"wp:attachment":[{"href":"https:\/\/revistacultura.ro\/agenda\/wp-json\/wp\/v2\/media?parent=18016"}],"wp:term":[{"taxonomy":"category","embeddable":true,"href":"https:\/\/revistacultura.ro\/agenda\/wp-json\/wp\/v2\/categories?post=18016"},{"taxonomy":"post_tag","embeddable":true,"href":"https:\/\/revistacultura.ro\/agenda\/wp-json\/wp\/v2\/tags?post=18016"}],"curies":[{"name":"wp","href":"https:\/\/api.w.org\/{rel}","templated":true}]}}